{"id":46385,"date":"2023-10-18T01:06:00","date_gmt":"2023-10-18T04:06:00","guid":{"rendered":"https:\/\/panoramadelsur.com.ar\/?p=46385"},"modified":"2023-10-17T22:32:10","modified_gmt":"2023-10-18T01:32:10","slug":"desde-la-provincia-de-buenos-aires-se-busca-que-los-jovenes-sean-protagonistas","status":"publish","type":"post","link":"https:\/\/panoramadelsur.com.ar\/?p=46385","title":{"rendered":"DESDE LA PROVINCIA DE BUENOS AIRES SE BUSCA QUE \u00abLOS J\u00d3VENES SEAN PROTAGONISTAS\u00bb"},"content":{"rendered":"\n<p class=\"wp-block-paragraph\">La directora bonaerense de Juventudes, Ayel\u00e9n L\u00f3pez, destac\u00f3 que \u00abpese a que faltan muchas cosas\u00bb, el gobernador Axel Kicillof \u00abescucha\u00bb a los y las j\u00f3venes \u00abporque nuestro proyecto pol\u00edtico busca que sean protagonistas\u00bb.<\/p>\n\n\n\n<p class=\"wp-block-paragraph\">En declaraciones a Radio Provincia, la funcionaria valor\u00f3 las pol\u00edticas que implement\u00f3 la provincia de Buenos Aires para adolescentes y j\u00f3venes, por ejemplo en materia de educaci\u00f3n, con el fortalecimiento de la infraestructura y los m\u00e1s de \u00abdos millones que reciben sus colaciones, almuerzos y meriendas\u00bb en los establecimientos y \u00ablos viajes de fin de curso\u00bb.<\/p>\n\n\n\n<p class=\"wp-block-paragraph\">En cuanto a la creaci\u00f3n de las universidades, la funcionaria se\u00f1al\u00f3 que \u00abse tard\u00f3 mucho para que la oposici\u00f3n diera qu\u00f3rum\u00bb en el Congreso para \u00abtratar iniciativas tan importantes\u00bb.<\/p>\n\n\n\n<p class=\"wp-block-paragraph\">\u00abQueremos m\u00e1s unidades acad\u00e9micas y no menos, porque es con m\u00e1s presencia del Estado con que las sociedades avanzan\u00bb, indic\u00f3, y agreg\u00f3: \u00abTambi\u00e9n tenemos el programa Puentes, con el que llegamos a lugares donde no llega el \u00e1mbito universitario\u00bb.<\/p>\n\n\n\n<p class=\"wp-block-paragraph\">Adem\u00e1s resalt\u00f3 la reciente implementaci\u00f3n de la sanci\u00f3n del boleto estudiantil para el nivel terciario, tema que \u00abAxel se puso al hombro\u00bb. Analiz\u00f3 que \u00abesto demuestra como desde la gesti\u00f3n del gobernador les hablamos a los pibes y pibas\u00bb.<\/p>\n\n\n\n<p class=\"wp-block-paragraph\">Subray\u00f3 que \u00abtenemos m\u00e1s de 600 sedes del programa Envi\u00f3n para realizar actividades deportivas o de arte que constituyen espacios de contenci\u00f3n\u00bb que tambi\u00e9n buscan atender a la salud mental de los y las j\u00f3venes, especialmente despu\u00e9s del impacto que signific\u00f3 la pandemia.<\/p>\n\n\n\n<p class=\"wp-block-paragraph\">L\u00f3pez dijo que si Kicillof es reelecto vendr\u00e1n \u00abcuatro a\u00f1os para la transformaci\u00f3n\u00bb.<\/p>\n","protected":false},"excerpt":{"rendered":"<p>La directora<\/p>\n","protected":false},"author":1,"featured_media":39574,"comment_status":"closed","ping_status":"closed","sticky":false,"template":"","format":"standard","meta":{"footnotes":""},"categories":[5],"tags":[28,27],"class_list":["post-46385","post","type-post","status-publish","format-standard","has-post-thumbnail","hentry","category-provincia","tag-gba","tag-provincia"],"_links":{"self":[{"href":"https:\/\/panoramadelsur.com.ar\/index.php?rest_route=\/wp\/v2\/posts\/46385","targetHints":{"allow":["GET"]}}],"collection":[{"href":"https:\/\/panoramadelsur.com.ar\/index.php?rest_route=\/wp\/v2\/posts"}],"about":[{"href":"https:\/\/panoramadelsur.com.ar\/index.php?rest_route=\/wp\/v2\/types\/post"}],"author":[{"embeddable":true,"href":"https:\/\/panoramadelsur.com.ar\/index.php?rest_route=\/wp\/v2\/users\/1"}],"replies":[{"embeddable":true,"href":"https:\/\/panoramadelsur.com.ar\/index.php?rest_route=%2Fwp%2Fv2%2Fcomments&post=46385"}],"version-history":[{"count":1,"href":"https:\/\/panoramadelsur.com.ar\/index.php?rest_route=\/wp\/v2\/posts\/46385\/revisions"}],"predecessor-version":[{"id":46387,"href":"https:\/\/panoramadelsur.com.ar\/index.php?rest_route=\/wp\/v2\/posts\/46385\/revisions\/46387"}],"wp:featuredmedia":[{"embeddable":true,"href":"https:\/\/panoramadelsur.com.ar\/index.php?rest_route=\/wp\/v2\/media\/39574"}],"wp:attachment":[{"href":"https:\/\/panoramadelsur.com.ar\/index.php?rest_route=%2Fwp%2Fv2%2Fmedia&parent=46385"}],"wp:term":[{"taxonomy":"category","embeddable":true,"href":"https:\/\/panoramadelsur.com.ar\/index.php?rest_route=%2Fwp%2Fv2%2Fcategories&post=46385"},{"taxonomy":"post_tag","embeddable":true,"href":"https:\/\/panoramadelsur.com.ar\/index.php?rest_route=%2Fwp%2Fv2%2Ftags&post=46385"}],"curies":[{"name":"wp","href":"https:\/\/api.w.org\/{rel}","templated":true}]}}