{"id":46399,"date":"2023-10-18T01:10:00","date_gmt":"2023-10-18T04:10:00","guid":{"rendered":"https:\/\/panoramadelsur.com.ar\/?p=46399"},"modified":"2023-10-17T23:38:28","modified_gmt":"2023-10-18T02:38:28","slug":"avanza-el-desarrollo-del-parque-tecnologico-industrial-intepark","status":"publish","type":"post","link":"https:\/\/panoramadelsur.com.ar\/?p=46399","title":{"rendered":"AVANZA EL DESARROLLO DEL PARQUE TECNOL\u00d3GICO INDUSTRIAL INTEPARK"},"content":{"rendered":"\n<p class=\"wp-block-paragraph\"><strong>Contin\u00faan los avances en el Parque Industrial y Tecnol\u00f3gico Intepark de Berazategui. M\u00e1s de 20 empresas ya adquirieron lotes para edificar sus plantas en el predio, ubicado en calle 165 y Av. Padre Mugica, donde desarrollar\u00e1n actividades productivas con base tecnol\u00f3gica.<\/strong><\/p>\n\n\n\n<p class=\"wp-block-paragraph\">En este sentido, Juan Manuel Parra -secretario de Trabajo de la Municipalidad- informa: \u201cDentro de la din\u00e1mica de generaci\u00f3n de parques industriales, reordenamiento territorial y radicaci\u00f3n de empresas en Berazategui, el intendente Juan Jos\u00e9 Mussi nos pidi\u00f3 dar un salto de calidad y sectorizar el que estamos desarrollando actualmente, referido a nuevas tecnolog\u00edas, que es lo que el mundo est\u00e1 demandando\u201d.<\/p>\n\n\n\n<p class=\"wp-block-paragraph\">\u201cIntepark va a tener el valor agregado de contar -en sus inmediaciones- con una sede de la Universidad Nacional Arturo Jauretche, con las carreras de Ingenier\u00eda. Las empresas que se radiquen van a poder acceder a ese capital humano y laboral, tecnificado y con los conocimientos necesarios\u201d, contin\u00faa Parra.<\/p>\n\n\n\n<p class=\"wp-block-paragraph\">Recientemente, el intendente Mussi y el ministro de Ciencia y T\u00e9cnica de la Naci\u00f3n, Daniel Filmus, firmaron el convenio para el financiamiento de la obra del Polo Tecnol\u00f3gico Berazategui, en el marco del Programa Federal Construir Ciencia.<\/p>\n\n\n\n<p class=\"wp-block-paragraph\">Al respecto, Parra indic\u00f3 que ese lugar va a contar \u201ccon laboratorios orientados a dar un servicio a las industrias de pymes, con el objetivo de que puedan desarrollar sus productos y l\u00edneas de producci\u00f3n, adem\u00e1s de generar valor agregado\u201d.<\/p>\n\n\n\n<p class=\"wp-block-paragraph\">Para m\u00e1s informaci\u00f3n acerca de las iniciativas de fomento y acompa\u00f1amiento a comerciantes, emprendedores e industriales del distrito, ingresar en&nbsp;<a href=\"http:\/\/berazategui.gob.ar\/pymesycomercios\" target=\"_blank\" rel=\"noreferrer noopener\">berazategui.gob.ar\/pymesycomercios<\/a><\/p>\n","protected":false},"excerpt":{"rendered":"<p>Contin\u00faan los<\/p>\n","protected":false},"author":1,"featured_media":39574,"comment_status":"closed","ping_status":"closed","sticky":false,"template":"","format":"standard","meta":{"footnotes":""},"categories":[3],"tags":[40],"class_list":["post-46399","post","type-post","status-publish","format-standard","has-post-thumbnail","hentry","category-regionales","tag-berazategui"],"_links":{"self":[{"href":"https:\/\/panoramadelsur.com.ar\/index.php?rest_route=\/wp\/v2\/posts\/46399","targetHints":{"allow":["GET"]}}],"collection":[{"href":"https:\/\/panoramadelsur.com.ar\/index.php?rest_route=\/wp\/v2\/posts"}],"about":[{"href":"https:\/\/panoramadelsur.com.ar\/index.php?rest_route=\/wp\/v2\/types\/post"}],"author":[{"embeddable":true,"href":"https:\/\/panoramadelsur.com.ar\/index.php?rest_route=\/wp\/v2\/users\/1"}],"replies":[{"embeddable":true,"href":"https:\/\/panoramadelsur.com.ar\/index.php?rest_route=%2Fwp%2Fv2%2Fcomments&post=46399"}],"version-history":[{"count":1,"href":"https:\/\/panoramadelsur.com.ar\/index.php?rest_route=\/wp\/v2\/posts\/46399\/revisions"}],"predecessor-version":[{"id":46401,"href":"https:\/\/panoramadelsur.com.ar\/index.php?rest_route=\/wp\/v2\/posts\/46399\/revisions\/46401"}],"wp:featuredmedia":[{"embeddable":true,"href":"https:\/\/panoramadelsur.com.ar\/index.php?rest_route=\/wp\/v2\/media\/39574"}],"wp:attachment":[{"href":"https:\/\/panoramadelsur.com.ar\/index.php?rest_route=%2Fwp%2Fv2%2Fmedia&parent=46399"}],"wp:term":[{"taxonomy":"category","embeddable":true,"href":"https:\/\/panoramadelsur.com.ar\/index.php?rest_route=%2Fwp%2Fv2%2Fcategories&post=46399"},{"taxonomy":"post_tag","embeddable":true,"href":"https:\/\/panoramadelsur.com.ar\/index.php?rest_route=%2Fwp%2Fv2%2Ftags&post=46399"}],"curies":[{"name":"wp","href":"https:\/\/api.w.org\/{rel}","templated":true}]}}