{"id":46408,"date":"2023-10-18T01:05:00","date_gmt":"2023-10-18T04:05:00","guid":{"rendered":"https:\/\/panoramadelsur.com.ar\/?p=46408"},"modified":"2023-10-18T00:15:04","modified_gmt":"2023-10-18T03:15:04","slug":"varela-48-vehiculos-incautados-en-operativos-de-interceptacion","status":"publish","type":"post","link":"https:\/\/panoramadelsur.com.ar\/?p=46408","title":{"rendered":"VARELA: 48 VEH\u00cdCULOS INCAUTADOS EN OPERATIVOS DE INTERCEPTACI\u00d3N"},"content":{"rendered":"\n<p class=\"wp-block-paragraph\">Fuerzas de seguridad en el distrito secuestraron 38 motos, 9 autos m\u00e1s 1 camioneta por diversas infracciones a la normativa vigente en controles para prevenir el delito efectuados en Don Jos\u00e9, La Capilla, Kil\u00f3metro 26.700 y Villa Susana.<\/p>\n\n\n\n<p class=\"wp-block-paragraph\">Intervinieron en el accionar agentes de la Guardia Comunal, del Comando Unificado del Conurbano -integrado por Gendarmer\u00eda Nacional, Prefectura Naval y Polic\u00eda Federal- junto a Polic\u00eda de la Provincia de Buenos Aires. Solicitaron registro de conducir, c\u00e9dula verde, seguro m\u00e1s Verificaci\u00f3n T\u00e9cnica Vehicular.<\/p>\n","protected":false},"excerpt":{"rendered":"<p>Fuerzas de<\/p>\n","protected":false},"author":1,"featured_media":39574,"comment_status":"closed","ping_status":"closed","sticky":false,"template":"","format":"standard","meta":{"footnotes":""},"categories":[3],"tags":[30],"class_list":["post-46408","post","type-post","status-publish","format-standard","has-post-thumbnail","hentry","category-regionales","tag-varela"],"_links":{"self":[{"href":"https:\/\/panoramadelsur.com.ar\/index.php?rest_route=\/wp\/v2\/posts\/46408","targetHints":{"allow":["GET"]}}],"collection":[{"href":"https:\/\/panoramadelsur.com.ar\/index.php?rest_route=\/wp\/v2\/posts"}],"about":[{"href":"https:\/\/panoramadelsur.com.ar\/index.php?rest_route=\/wp\/v2\/types\/post"}],"author":[{"embeddable":true,"href":"https:\/\/panoramadelsur.com.ar\/index.php?rest_route=\/wp\/v2\/users\/1"}],"replies":[{"embeddable":true,"href":"https:\/\/panoramadelsur.com.ar\/index.php?rest_route=%2Fwp%2Fv2%2Fcomments&post=46408"}],"version-history":[{"count":1,"href":"https:\/\/panoramadelsur.com.ar\/index.php?rest_route=\/wp\/v2\/posts\/46408\/revisions"}],"predecessor-version":[{"id":46410,"href":"https:\/\/panoramadelsur.com.ar\/index.php?rest_route=\/wp\/v2\/posts\/46408\/revisions\/46410"}],"wp:featuredmedia":[{"embeddable":true,"href":"https:\/\/panoramadelsur.com.ar\/index.php?rest_route=\/wp\/v2\/media\/39574"}],"wp:attachment":[{"href":"https:\/\/panoramadelsur.com.ar\/index.php?rest_route=%2Fwp%2Fv2%2Fmedia&parent=46408"}],"wp:term":[{"taxonomy":"category","embeddable":true,"href":"https:\/\/panoramadelsur.com.ar\/index.php?rest_route=%2Fwp%2Fv2%2Fcategories&post=46408"},{"taxonomy":"post_tag","embeddable":true,"href":"https:\/\/panoramadelsur.com.ar\/index.php?rest_route=%2Fwp%2Fv2%2Ftags&post=46408"}],"curies":[{"name":"wp","href":"https:\/\/api.w.org\/{rel}","templated":true}]}}