{"id":46411,"date":"2023-10-18T01:07:00","date_gmt":"2023-10-18T04:07:00","guid":{"rendered":"https:\/\/panoramadelsur.com.ar\/?p=46411"},"modified":"2023-10-18T00:20:41","modified_gmt":"2023-10-18T03:20:41","slug":"andres-watson-e-integrantes-en-sectores-productivos-examinaron-el-crecimiento-de-florencio-varela","status":"publish","type":"post","link":"https:\/\/panoramadelsur.com.ar\/?p=46411","title":{"rendered":"ANDR\u00c9S WATSON E INTEGRANTES EN SECTORES PRODUCTIVOS EXAMINARON EL CRECIMIENTO DE FLORENCIO VARELA"},"content":{"rendered":"\n<p class=\"wp-block-paragraph\">Durante un encuentro en el Centro Tecnol\u00f3gico Metal\u00fargico, tanto el intendente Andr\u00e9s Watson como empresarios, empresarias y comerciantes repasaron algunos aspectos que permitieron la consolidaci\u00f3n de distintos rubros en el partido.<\/p>\n\n\n\n<p class=\"wp-block-paragraph\">\u201cLa radicaci\u00f3n de decenas de firmas en la regi\u00f3n, de emprendimientos en fracciones urbanas fue posible por una decisi\u00f3n conjunta entre Municipio, Provincia y Naci\u00f3n mediante m\u00faltiples estrategias que oscilaron desde cr\u00e9ditos o facilidades financieras, agilidad en tr\u00e1mites e inversi\u00f3n en obra p\u00fablica\u201d, sintetiz\u00f3 el Alcalde.<\/p>\n\n\n\n<p class=\"wp-block-paragraph\">En la reuni\u00f3n, compartieron ideas, destacaron el accionar de la administraci\u00f3n local y propusieron al Mandatario Comunal sugerencias para potenciar las din\u00e1micas cotidianas.<\/p>\n\n\n\n<p class=\"wp-block-paragraph\">Marcelo G\u00f3mez, gerente en \u201cArquimet Equipos Modulares\u201d, record\u00f3 la g\u00e9nesis del proyecto en 2004 frente a la demanda de un mercado espec\u00edfico vinculado a \u201cm\u00f3viles, salas de salud, petr\u00f3leo, miner\u00eda, telecomunicaciones\u201d. Apostaron \u201ca Florencio Varela con la compra de un predio de 18.000 metros cuadrados para estar m\u00e1s c\u00f3modos e incorporar m\u00e1s gente\u201d.<\/p>\n\n\n\n<p class=\"wp-block-paragraph\">Desde el establecimiento \u201cProfil S.R.L.\u201d, dedicado a la comercializaci\u00f3n y distribuci\u00f3n de productos qu\u00edmicos para la industria o el tratamiento de agua, iniciaron la log\u00edstica para relocalizarse en el distrito.<\/p>\n\n\n\n<p class=\"wp-block-paragraph\">Su representante, Francisco Comelles, plante\u00f3 el objetivo de \u201cincrementar el plantel de 20 a 60 personas\u201d. Observ\u00f3 \u201cel desarrollo, el fuerte respaldo de la Municipalidad en cuanto a la documentaci\u00f3n, asesoramiento para llevar adelante nuestro cometido\u201d. Luego, remarc\u00f3 la sinergia p\u00fablico-privada en \u201cla expansi\u00f3n de las \u00e1reas metropolitanas y generar empleo\u201d.<\/p>\n\n\n\n<p class=\"wp-block-paragraph\">Claudia Aguirre -socia fundadora de \u201cLCV S.R.L.\u201d- narr\u00f3 la experiencia de su compa\u00f1\u00eda como \u201cla primera en ubicarse en el PITec, cuando ni siquiera hab\u00eda calles\u201d. Su laboratorio de geolog\u00eda e ingenier\u00eda pudo consolidarse al avanzar en gas, petr\u00f3leo hasta el litio.<\/p>\n\n\n\n<p class=\"wp-block-paragraph\">\u201cNunca imaginamos la dimensi\u00f3n que iba a tomar este parque, un crecimiento evidente cada d\u00eda\u201d, afirm\u00f3 la mujer que busc\u00f3 -junto a sus colegas- reinventarse con \u201clas energ\u00edas de transici\u00f3n, almacenamiento de di\u00f3xido de carbono, hidr\u00f3geno verde y data management con escaneo, digitalizaci\u00f3n m\u00e1s archivo de informaci\u00f3n\u201d.<\/p>\n\n\n\n<p class=\"wp-block-paragraph\">Sobre el gobierno varelense, subray\u00f3 \u201cla ayuda para instalarnos, estuvieron siempre atentos a nuestras necesidades\u201d. \u201cPor eso, estuvimos agradecidas con la gesti\u00f3n por el apoyo otorgado\u201d, cerr\u00f3.<\/p>\n","protected":false},"excerpt":{"rendered":"<p>Durante un<\/p>\n","protected":false},"author":1,"featured_media":39574,"comment_status":"closed","ping_status":"closed","sticky":false,"template":"","format":"standard","meta":{"footnotes":""},"categories":[3],"tags":[30],"class_list":["post-46411","post","type-post","status-publish","format-standard","has-post-thumbnail","hentry","category-regionales","tag-varela"],"_links":{"self":[{"href":"https:\/\/panoramadelsur.com.ar\/index.php?rest_route=\/wp\/v2\/posts\/46411","targetHints":{"allow":["GET"]}}],"collection":[{"href":"https:\/\/panoramadelsur.com.ar\/index.php?rest_route=\/wp\/v2\/posts"}],"about":[{"href":"https:\/\/panoramadelsur.com.ar\/index.php?rest_route=\/wp\/v2\/types\/post"}],"author":[{"embeddable":true,"href":"https:\/\/panoramadelsur.com.ar\/index.php?rest_route=\/wp\/v2\/users\/1"}],"replies":[{"embeddable":true,"href":"https:\/\/panoramadelsur.com.ar\/index.php?rest_route=%2Fwp%2Fv2%2Fcomments&post=46411"}],"version-history":[{"count":1,"href":"https:\/\/panoramadelsur.com.ar\/index.php?rest_route=\/wp\/v2\/posts\/46411\/revisions"}],"predecessor-version":[{"id":46413,"href":"https:\/\/panoramadelsur.com.ar\/index.php?rest_route=\/wp\/v2\/posts\/46411\/revisions\/46413"}],"wp:featuredmedia":[{"embeddable":true,"href":"https:\/\/panoramadelsur.com.ar\/index.php?rest_route=\/wp\/v2\/media\/39574"}],"wp:attachment":[{"href":"https:\/\/panoramadelsur.com.ar\/index.php?rest_route=%2Fwp%2Fv2%2Fmedia&parent=46411"}],"wp:term":[{"taxonomy":"category","embeddable":true,"href":"https:\/\/panoramadelsur.com.ar\/index.php?rest_route=%2Fwp%2Fv2%2Fcategories&post=46411"},{"taxonomy":"post_tag","embeddable":true,"href":"https:\/\/panoramadelsur.com.ar\/index.php?rest_route=%2Fwp%2Fv2%2Ftags&post=46411"}],"curies":[{"name":"wp","href":"https:\/\/api.w.org\/{rel}","templated":true}]}}