{"id":46430,"date":"2023-10-18T01:05:00","date_gmt":"2023-10-18T04:05:00","guid":{"rendered":"https:\/\/panoramadelsur.com.ar\/?p=46430"},"modified":"2023-10-18T04:05:36","modified_gmt":"2023-10-18T07:05:36","slug":"46430","status":"publish","type":"post","link":"https:\/\/panoramadelsur.com.ar\/?p=46430","title":{"rendered":"TOLOSA PAZ ASEGUR\u00d3 QUE MASSA ES EL \u00daNICO CANDIDATO CON \u00abPROPUESTAS CONCRETAS PARA LOS ARGENTINOS\u00bb"},"content":{"rendered":"\n<p class=\"wp-block-paragraph\">La ministra de Desarrollo Social y candidata a diputada nacional por Uni\u00f3n por la Patria (UxP), Victoria Tolosa Paz, destac\u00f3 que el candidato a presidente oficialista Sergio Massa \u00abes el \u00fanico con propuestas concretas para mejorar la vida de los argentinos\u00bb.<\/p>\n\n\n\n<p class=\"wp-block-paragraph\">\u00abDesde Uni\u00f3n por la Patria seguimos convocando a los argentinos a buscar la bandera nacional en el cuarto oscuro\u00bb, dijo la ministra en declaraciones a Radio Nacional en alusi\u00f3n a los colores de UxP.<\/p>\n\n\n\n<p class=\"wp-block-paragraph\">Tolosa Paz asegur\u00f3 tambi\u00e9n que Massa \u00abes el hombre para el futuro del pa\u00eds, y el hombre que necesita la etapa que viene, con su experiencia y con la responsabilidad de gobernar en una Argentina y en un mundo convulsionado que est\u00e1 en guerra\u00bb.<\/p>\n\n\n\n<p class=\"wp-block-paragraph\">Destac\u00f3 que el ministro de Econom\u00eda \u00abes un hombre que mira el pueblo argentino y sabe de lo que provoca el 22% de la imposici\u00f3n que le hizo el Fondo Monetario Internacional para devaluar la moneda, y sobre ese camino impuls\u00f3 medidas notorias que se sienten y se palpan m\u00e1s all\u00e1 del gran problema que todav\u00eda nos aqueja que es la inflaci\u00f3n, que en el 2024 se va a ir resolviendo cuando acumulemos reservas\u00bb.<\/p>\n\n\n\n<p class=\"wp-block-paragraph\">La dirigente consign\u00f3 que \u00abestamos en un escenario que va a seguir convocando a los argentinos a buscar la bandera nacional el domingo 22 de octubre, a buscar los valores que nos unen en Uni\u00f3n por la Patria que es la educaci\u00f3n p\u00fablica, el sistema p\u00fablico sanitario y un candidato que es el \u00fanico que ha convocado en el debate a propuestas concretas para mejorar la vida de argentinos y argentinas\u00bb. <\/p>\n","protected":false},"excerpt":{"rendered":"<p>La ministra<\/p>\n","protected":false},"author":1,"featured_media":39574,"comment_status":"closed","ping_status":"closed","sticky":false,"template":"","format":"standard","meta":{"footnotes":""},"categories":[4],"tags":[59],"class_list":["post-46430","post","type-post","status-publish","format-standard","has-post-thumbnail","hentry","category-nacionales","tag-nacionales"],"_links":{"self":[{"href":"https:\/\/panoramadelsur.com.ar\/index.php?rest_route=\/wp\/v2\/posts\/46430","targetHints":{"allow":["GET"]}}],"collection":[{"href":"https:\/\/panoramadelsur.com.ar\/index.php?rest_route=\/wp\/v2\/posts"}],"about":[{"href":"https:\/\/panoramadelsur.com.ar\/index.php?rest_route=\/wp\/v2\/types\/post"}],"author":[{"embeddable":true,"href":"https:\/\/panoramadelsur.com.ar\/index.php?rest_route=\/wp\/v2\/users\/1"}],"replies":[{"embeddable":true,"href":"https:\/\/panoramadelsur.com.ar\/index.php?rest_route=%2Fwp%2Fv2%2Fcomments&post=46430"}],"version-history":[{"count":2,"href":"https:\/\/panoramadelsur.com.ar\/index.php?rest_route=\/wp\/v2\/posts\/46430\/revisions"}],"predecessor-version":[{"id":46433,"href":"https:\/\/panoramadelsur.com.ar\/index.php?rest_route=\/wp\/v2\/posts\/46430\/revisions\/46433"}],"wp:featuredmedia":[{"embeddable":true,"href":"https:\/\/panoramadelsur.com.ar\/index.php?rest_route=\/wp\/v2\/media\/39574"}],"wp:attachment":[{"href":"https:\/\/panoramadelsur.com.ar\/index.php?rest_route=%2Fwp%2Fv2%2Fmedia&parent=46430"}],"wp:term":[{"taxonomy":"category","embeddable":true,"href":"https:\/\/panoramadelsur.com.ar\/index.php?rest_route=%2Fwp%2Fv2%2Fcategories&post=46430"},{"taxonomy":"post_tag","embeddable":true,"href":"https:\/\/panoramadelsur.com.ar\/index.php?rest_route=%2Fwp%2Fv2%2Ftags&post=46430"}],"curies":[{"name":"wp","href":"https:\/\/api.w.org\/{rel}","templated":true}]}}