{"id":46439,"date":"2023-10-18T01:05:00","date_gmt":"2023-10-18T04:05:00","guid":{"rendered":"https:\/\/panoramadelsur.com.ar\/?p=46439"},"modified":"2023-10-18T05:10:38","modified_gmt":"2023-10-18T08:10:38","slug":"espectaculos-artisticos-y-culturales-en-las-distintas-sedes-quilmenas","status":"publish","type":"post","link":"https:\/\/panoramadelsur.com.ar\/?p=46439","title":{"rendered":"ESPECT\u00c1CULOS ART\u00cdSTICOS Y CULTURALES EN LAS DISTINTAS SEDES QUILME\u00d1AS"},"content":{"rendered":"\n<p class=\"wp-block-paragraph\">El Municipio de Quilmes informa el cronograma de actividades culturales para que los vecinos y vecinas puedan disfrutar durante esta semana en distintos puntos de la ciudad, de diversos espect\u00e1culos con entrada libre y gratuita para toda la familia.<\/p>\n\n\n\n<p class=\"wp-block-paragraph\">La semana comenz\u00f3 ayere martes 17 a las 20, en el Espacio INCAA cuya sede es el Teatro Municipal (Mitre 721, Quilmes), con \u201cLennons\u201d, una historia que cuenta que la irrupci\u00f3n de un imitador de John Lennon, a quien un director de acrobacias presenta como el verdadero \u00eddolo, enga\u00f1ando a un famoso presentador de televisi\u00f3n que planea una temible venganza. El film est\u00e1 dirigido por Jos\u00e9 Cicala, que cuenta con un elenco de renombre, como Betiana Blum, Luis Mach\u00edn, Malena Guinzburg, Gast\u00f3n Pauls y Luciano C\u00e1ceres, entre otros. La pel\u00edcula se repite en el mismo espacio este mi\u00e9rcoles 18 a las 20.<br><br>El viernes 20 a las 19, en el Museo de Artes Visuales V\u00edctor Roverano (Rivadavia 498, Quilmes), habr\u00e1 una performance con proyecci\u00f3n y m\u00fasica en vivo. \u201c\u00bfQu\u00e9 dice tu libertad?\u201d, es una forma de activar el museo de manera audiovisual. La idea y performance, es de Manu Calcagnini, y el texto de Luc\u00eda Lucha, David Lobos, Manu Calcagnini; y la m\u00fasica de Tony Romero. La proyecci\u00f3n corresponde a LM Proyecci\u00f3n a cargo de, Nico Yudice.<\/p>\n\n\n\n<p class=\"wp-block-paragraph\">Por otra parte, ese d\u00eda a las 20 en el Teatro Municipal, se presentar\u00e1 Marcos Ferreirone y Los Salvadores D\u2019Ali. Con m\u00e1s de 20 a\u00f1os de trayectoria, la banda har\u00e1 un recorrido por toda su discograf\u00eda y presentar\u00e1n su nuevo material.<\/p>\n\n\n\n<p class=\"wp-block-paragraph\">Culminando la semana, s\u00e1bado 21 a las 19, en la Casa de las Culturas (Rivadavia 383, Quilmes), ser\u00e1 el turno de la cantante bernalense, Silvia Bruno, que cierra el ciclo de cantautoras argentinas en el espacio denominado \u201cCantautoras\u201d. Bruno fue primera guitarra y coros a la formaci\u00f3n del reconocido folclorista y cantor santiague\u00f1o Coco Banegas, y con quien recorren juntos los escenarios de todo el pa\u00eds. Con varias composiciones musicales folcl\u00f3ricas forma parte de la Junta Consultiva de la Colectiva de Autoras y Compositoras Argentinas y es cofundadora del IMTAMA (Instituto Mujeres Trabajadoras de la Actividad Musical Argentina). Tambi\u00e9n en ese horario pero en el CPC Amaicha (avenida 844 N\u00ba 2246, San Francisco Solano), se presenta \u201cMe bajo ac\u00e1\u201d, una obra que toca fibras sensibles y que ayuda a reflexionar.<\/p>\n","protected":false},"excerpt":{"rendered":"<p>El Municipio<\/p>\n","protected":false},"author":1,"featured_media":39574,"comment_status":"closed","ping_status":"closed","sticky":false,"template":"","format":"standard","meta":{"footnotes":""},"categories":[2],"tags":[35,17],"class_list":["post-46439","post","type-post","status-publish","format-standard","has-post-thumbnail","hentry","category-quilmes","tag-municipio-de-quilmes","tag-quilmes"],"_links":{"self":[{"href":"https:\/\/panoramadelsur.com.ar\/index.php?rest_route=\/wp\/v2\/posts\/46439","targetHints":{"allow":["GET"]}}],"collection":[{"href":"https:\/\/panoramadelsur.com.ar\/index.php?rest_route=\/wp\/v2\/posts"}],"about":[{"href":"https:\/\/panoramadelsur.com.ar\/index.php?rest_route=\/wp\/v2\/types\/post"}],"author":[{"embeddable":true,"href":"https:\/\/panoramadelsur.com.ar\/index.php?rest_route=\/wp\/v2\/users\/1"}],"replies":[{"embeddable":true,"href":"https:\/\/panoramadelsur.com.ar\/index.php?rest_route=%2Fwp%2Fv2%2Fcomments&post=46439"}],"version-history":[{"count":1,"href":"https:\/\/panoramadelsur.com.ar\/index.php?rest_route=\/wp\/v2\/posts\/46439\/revisions"}],"predecessor-version":[{"id":46441,"href":"https:\/\/panoramadelsur.com.ar\/index.php?rest_route=\/wp\/v2\/posts\/46439\/revisions\/46441"}],"wp:featuredmedia":[{"embeddable":true,"href":"https:\/\/panoramadelsur.com.ar\/index.php?rest_route=\/wp\/v2\/media\/39574"}],"wp:attachment":[{"href":"https:\/\/panoramadelsur.com.ar\/index.php?rest_route=%2Fwp%2Fv2%2Fmedia&parent=46439"}],"wp:term":[{"taxonomy":"category","embeddable":true,"href":"https:\/\/panoramadelsur.com.ar\/index.php?rest_route=%2Fwp%2Fv2%2Fcategories&post=46439"},{"taxonomy":"post_tag","embeddable":true,"href":"https:\/\/panoramadelsur.com.ar\/index.php?rest_route=%2Fwp%2Fv2%2Ftags&post=46439"}],"curies":[{"name":"wp","href":"https:\/\/api.w.org\/{rel}","templated":true}]}}