{"id":46446,"date":"2023-10-18T05:33:25","date_gmt":"2023-10-18T08:33:25","guid":{"rendered":"https:\/\/panoramadelsur.com.ar\/?p=46446"},"modified":"2023-10-18T05:33:25","modified_gmt":"2023-10-18T08:33:25","slug":"la-copa-america-sera-lo-ultimo-con-la-seleccion-reitero-angel-di-maria","status":"publish","type":"post","link":"https:\/\/panoramadelsur.com.ar\/?p=46446","title":{"rendered":"\u00abLA COPA AM\u00c9RICA SER\u00c1 LO \u00daLTIMO CON LA SELECCI\u00d3N\u00bb, REITER\u00d3 \u00c1NGEL DI MAR\u00cdA"},"content":{"rendered":"\n<p class=\"wp-block-paragraph\">\u00c1ngel Di Mar\u00eda reiter\u00f3 que se retirar\u00e1 del seleccionado argentino despu\u00e9s de la Copa Am\u00e9rica 2024 en los Estados Unidos y adelant\u00f3 que en su cabeza est\u00e1 la posibilidad de regresar a Rosario Central.<\/p>\n\n\n\n<p class=\"wp-block-paragraph\">\u00abEs la Copa Am\u00e9rica y se termina. Es lo \u00faltimo. Vine a Benfica, me dan la posibilidad de seguir estando en la Selecci\u00f3n y me gustar\u00eda, estoy haciendo todo para poder estar\u00bb, coment\u00f3 el delantero en una entrevista con la radio Urbana Play.<\/p>\n\n\n\n<p class=\"wp-block-paragraph\">\u00abUno se da cuenta en la gente, mucho m\u00e1s en el exterior. Estamos en Europa y lo primero que te dicen es &#8216;campe\u00f3n del mundo&#8217; o te hablan del mundial. Despu\u00e9s de ser campeones la gente te reconoce s\u00f3lo por el Mundial, no es solamente para el pa\u00eds sino para cualquier persona, cualquier nene. Llevo a mi nena a la escuela y me dicen &#8216;sos campe\u00f3n del mundo'\u00bb, valor\u00f3.<\/p>\n\n\n\n<p class=\"wp-block-paragraph\">\u00abEn mi cabeza siempre estuvo, como siempre estuvo volver al Benfica, est\u00e1 volver a Central. No me gusta hablar mucho del tema porque despu\u00e9s empiezan con que siempre hablo y no termina pasando. El f\u00fatbol es as\u00ed, te va llevando, siempre dije que quer\u00eda volver cuando me sintiera bien. Estoy en plenitud todav\u00eda, tengo contrato hasta 2024 y esa es la opci\u00f3n que est\u00e1, tengo muy buena relaci\u00f3n con Gonzalo (Belloso), el presidente de Central\u00bb, avis\u00f3.<\/p>\n\n\n\n<p class=\"wp-block-paragraph\">\u00abMe gusta jugar al f\u00fatbol, iba a jugar para divertirme. El sue\u00f1o era un poco m\u00e1s de mi vieja que m\u00edo. Yo lo hac\u00eda por ser feliz. Llega el d\u00eda del partido y es lo \u00fanico que quiero, esa adrenalina. Todo lo que viv\u00ed hoy vali\u00f3 m\u00e1s que la pena\u00bb, asegur\u00f3.<\/p>\n","protected":false},"excerpt":{"rendered":"<p>\u00c1ngel Di<\/p>\n","protected":false},"author":1,"featured_media":39574,"comment_status":"closed","ping_status":"closed","sticky":false,"template":"","format":"standard","meta":{"footnotes":""},"categories":[6],"tags":[],"class_list":["post-46446","post","type-post","status-publish","format-standard","has-post-thumbnail","hentry","category-deportes"],"_links":{"self":[{"href":"https:\/\/panoramadelsur.com.ar\/index.php?rest_route=\/wp\/v2\/posts\/46446","targetHints":{"allow":["GET"]}}],"collection":[{"href":"https:\/\/panoramadelsur.com.ar\/index.php?rest_route=\/wp\/v2\/posts"}],"about":[{"href":"https:\/\/panoramadelsur.com.ar\/index.php?rest_route=\/wp\/v2\/types\/post"}],"author":[{"embeddable":true,"href":"https:\/\/panoramadelsur.com.ar\/index.php?rest_route=\/wp\/v2\/users\/1"}],"replies":[{"embeddable":true,"href":"https:\/\/panoramadelsur.com.ar\/index.php?rest_route=%2Fwp%2Fv2%2Fcomments&post=46446"}],"version-history":[{"count":1,"href":"https:\/\/panoramadelsur.com.ar\/index.php?rest_route=\/wp\/v2\/posts\/46446\/revisions"}],"predecessor-version":[{"id":46448,"href":"https:\/\/panoramadelsur.com.ar\/index.php?rest_route=\/wp\/v2\/posts\/46446\/revisions\/46448"}],"wp:featuredmedia":[{"embeddable":true,"href":"https:\/\/panoramadelsur.com.ar\/index.php?rest_route=\/wp\/v2\/media\/39574"}],"wp:attachment":[{"href":"https:\/\/panoramadelsur.com.ar\/index.php?rest_route=%2Fwp%2Fv2%2Fmedia&parent=46446"}],"wp:term":[{"taxonomy":"category","embeddable":true,"href":"https:\/\/panoramadelsur.com.ar\/index.php?rest_route=%2Fwp%2Fv2%2Fcategories&post=46446"},{"taxonomy":"post_tag","embeddable":true,"href":"https:\/\/panoramadelsur.com.ar\/index.php?rest_route=%2Fwp%2Fv2%2Ftags&post=46446"}],"curies":[{"name":"wp","href":"https:\/\/api.w.org\/{rel}","templated":true}]}}