{"id":46456,"date":"2023-10-19T01:05:00","date_gmt":"2023-10-19T04:05:00","guid":{"rendered":"https:\/\/panoramadelsur.com.ar\/?p=46456"},"modified":"2023-10-19T02:51:31","modified_gmt":"2023-10-19T05:51:31","slug":"concejo-deliberante-de-moreno-pidio-informacion-sobre-titulo-y-matricula-como-medica-de-andrea-vera","status":"publish","type":"post","link":"https:\/\/panoramadelsur.com.ar\/?p=46456","title":{"rendered":"CONCEJO DELIBERANTE DE MORENO PIDI\u00d3 INFORMACI\u00d3N SOBRE T\u00cdTULO Y MATR\u00cdCULA COMO M\u00c9DICA DE ANDREA VERA"},"content":{"rendered":"\n<p class=\"wp-block-paragraph\">El concejal de Uni\u00f3n por la Patria (UxP) del partido bonaerense de Moreno Lucas Franco inform\u00f3 que se espera para los pr\u00f3ximos d\u00edas una respuesta a \u00abun pedido de informes\u00bb del Concejo Deliberante local para \u00abconocer la existencia de titulaci\u00f3n y de matr\u00edcula\u00bb que habiliten a la candidata a intendenta de La Libertad Avanza (LLA) Andrea Vera a ejercer la medicina, tras denuncias p\u00fablicas de vecinos atendidos por la libertaria en operativos de salud.<\/p>\n\n\n\n<p class=\"wp-block-paragraph\">\u00abVotamos el jueves pasado una moci\u00f3n que hice yo en el Concejo Deliberante que precisamente indica un pedido de informes a la Universidad Austral, al Ministerio de Salud (bonaerense) y al Ministerio de Educaci\u00f3n para conocer la existencia de titulaci\u00f3n y matr\u00edcula\u00bb de Andrea Vera como m\u00e9dica, manifest\u00f3 Franco en di\u00e1logo con T\u00e9lam.<\/p>\n\n\n\n<p class=\"wp-block-paragraph\">Los integrantes del Concejo Deliberante tomaron conocimiento de las acusaciones de vecinos que semanas atr\u00e1s manifestaron haber sido atendidos por Vera, en una entrevista que les hizo el canal C5N, en la que denunciaron que hab\u00edan sido mal diagnosticados y que muchas recetas e indicaciones que recibieron no ten\u00edan ni sello ni firma profesional.<\/p>\n\n\n\n<p class=\"wp-block-paragraph\">\u00abNos enteramos por el impacto de la noticia medi\u00e1tica y porque vecinos en la calle nos lo empiezan a contar. Una de las se\u00f1oras que sali\u00f3 en la entrevista dice que el diagn\u00f3stico del electro que le hicieron en el Hospital Posadas era totalmente distinto al que le hab\u00edan dicho en este operativo (que hac\u00eda Vera). Entonces ah\u00ed empezamos a ver que algo estaba pasando\u00bb, expres\u00f3 Franco.<\/p>\n\n\n\n<p class=\"wp-block-paragraph\">El edil remarc\u00f3 que \u00abcualquier estudiante de medicina puede participar de jornadas solidarias haciendo acompa\u00f1amiento\u00bb, pero reproch\u00f3 que \u00ablo que no puede pasar es que recetes nada, que firmes nada y tampoco la difusi\u00f3n\u00bb.<\/p>\n\n\n\n<p class=\"wp-block-paragraph\">\u00abElla se expresa como m\u00e9dica y aparecen despu\u00e9s las denuncias de vecinos; nosotros queremos dilucidar si tiene t\u00edtulo y matr\u00edcula que la habilite al ejercicio profesional porque puede haber dos temas: el ejercicio ilegal de la profesi\u00f3n y falsedad ideol\u00f3gica, porque ella est\u00e1 planteando que es m\u00e9dica\u00bb, anticip\u00f3.<\/p>\n\n\n\n<p class=\"wp-block-paragraph\">Sobre la intervenci\u00f3n del Concejo, Franco justific\u00f3 que se trata de \u00abun conflicto que toma reverberaci\u00f3n pol\u00edtica por las caracter\u00edsticas de las personas involucradas\u00bb, y explic\u00f3 que en el caso de Vera, \u00abes una candidata a intendente, que hace jornadas m\u00e9dicas en el marco de la campa\u00f1a, entonces es un debate sobre la honestidad intelectual\u00bb.<\/p>\n\n\n\n<p class=\"wp-block-paragraph\">Pero -continu\u00f3- \u00abcomo estamos hablando de medicina y salud p\u00fablica, el Estado tambi\u00e9n tiene cosas que hacer para evitar que estafen a los vecinos\u00bb.<\/p>\n\n\n\n<p class=\"wp-block-paragraph\">Sobre las acusaciones p\u00fablicas que recibi\u00f3, Vera respondi\u00f3 el 7 de octubre con un posteo en Instagram donde asegur\u00f3 que \u00ablos \u00faltimos d\u00edas me han atacado diciendo que comet\u00ed ejercicio ilegal de la medicina y mala praxis; quiero que sepan que yo los voy a llevar a la justicia donde van a tener que pagar por sus calumnias y falsos testimonios\u00bb.<\/p>\n\n\n\n<p class=\"wp-block-paragraph\">\u00abSi tiene constataci\u00f3n fehaciente de que las denuncias que se hacen sobre ella son falsedades, tiene a su mano la forma de corroborarlo: a m\u00ed me llama poderosamente la atenci\u00f3n que en ese video no haya dicho &#8216;ac\u00e1 est\u00e1 el t\u00edtulo'\u00bb, dijo Franco.<\/p>\n\n\n\n<p class=\"wp-block-paragraph\">\u00abVisto que el pa\u00eds y el partido de Moreno se encuentra en un momento de campa\u00f1a electoral de las distintas fuerzas pol\u00edticas; y considerando que en ese marco, una de las candidatas a intendenta de Moreno, Andrea Vera, llev\u00f3 a cabo una campa\u00f1a sanitaria en distintos barrios de nuestro partido, y que a ra\u00edz de esa campa\u00f1a, se dio a conocer que la candidata ejerci\u00f3 la profesi\u00f3n de m\u00e9dica atendiendo a varios ciudadanos y ciudadanas morenenses\u00bb, dice la resoluci\u00f3n del Concejo a la que accedi\u00f3 T\u00e9lam.<\/p>\n\n\n\n<p class=\"wp-block-paragraph\">Para solicitar, luego, que \u00abes necesario saber si la misma (Vera) cuenta con la licencia habilitante correspondiente, para poder hacer uso del ejercicio de la medicina\u00bb. El pedido tiene un plazo de contestaci\u00f3n aproximado de 15 d\u00edas y a\u00fan no se obtuvo una respuesta formal.<\/p>\n\n\n\n<p class=\"wp-block-paragraph\">La moci\u00f3n fue apoyada por 12 concejales del Frente de Todos y dos del Frente de Izquierda, mientras cuatro de Juntos por el Cambio se abstuvieron.<\/p>\n\n\n\n<p class=\"wp-block-paragraph\">Andrea Vera es titular junto a su padre, Ram\u00f3n &#8216;Nene&#8217; Vera, de la \u00abFundaci\u00f3n Moreno Te Quiero\u00bb, desde donde promociona los operativos de salud que le permiten mantener v\u00ednculos con los vecinos. Esta agencia le consult\u00f3 a Andrea Vera si pose\u00eda t\u00edtulo y matr\u00edcula habilitante para ejercer la medicina, pero la candidata no emiti\u00f3 respuesta. <\/p>\n","protected":false},"excerpt":{"rendered":"<p>El concejal<\/p>\n","protected":false},"author":1,"featured_media":39574,"comment_status":"closed","ping_status":"closed","sticky":false,"template":"","format":"standard","meta":{"footnotes":""},"categories":[5],"tags":[27],"class_list":["post-46456","post","type-post","status-publish","format-standard","has-post-thumbnail","hentry","category-provincia","tag-provincia"],"_links":{"self":[{"href":"https:\/\/panoramadelsur.com.ar\/index.php?rest_route=\/wp\/v2\/posts\/46456","targetHints":{"allow":["GET"]}}],"collection":[{"href":"https:\/\/panoramadelsur.com.ar\/index.php?rest_route=\/wp\/v2\/posts"}],"about":[{"href":"https:\/\/panoramadelsur.com.ar\/index.php?rest_route=\/wp\/v2\/types\/post"}],"author":[{"embeddable":true,"href":"https:\/\/panoramadelsur.com.ar\/index.php?rest_route=\/wp\/v2\/users\/1"}],"replies":[{"embeddable":true,"href":"https:\/\/panoramadelsur.com.ar\/index.php?rest_route=%2Fwp%2Fv2%2Fcomments&post=46456"}],"version-history":[{"count":1,"href":"https:\/\/panoramadelsur.com.ar\/index.php?rest_route=\/wp\/v2\/posts\/46456\/revisions"}],"predecessor-version":[{"id":46458,"href":"https:\/\/panoramadelsur.com.ar\/index.php?rest_route=\/wp\/v2\/posts\/46456\/revisions\/46458"}],"wp:featuredmedia":[{"embeddable":true,"href":"https:\/\/panoramadelsur.com.ar\/index.php?rest_route=\/wp\/v2\/media\/39574"}],"wp:attachment":[{"href":"https:\/\/panoramadelsur.com.ar\/index.php?rest_route=%2Fwp%2Fv2%2Fmedia&parent=46456"}],"wp:term":[{"taxonomy":"category","embeddable":true,"href":"https:\/\/panoramadelsur.com.ar\/index.php?rest_route=%2Fwp%2Fv2%2Fcategories&post=46456"},{"taxonomy":"post_tag","embeddable":true,"href":"https:\/\/panoramadelsur.com.ar\/index.php?rest_route=%2Fwp%2Fv2%2Ftags&post=46456"}],"curies":[{"name":"wp","href":"https:\/\/api.w.org\/{rel}","templated":true}]}}