{"id":46459,"date":"2023-10-19T03:00:38","date_gmt":"2023-10-19T06:00:38","guid":{"rendered":"https:\/\/panoramadelsur.com.ar\/?p=46459"},"modified":"2023-10-19T03:00:38","modified_gmt":"2023-10-19T06:00:38","slug":"medicos-paran-en-sanatorios-la-trinidad-de-san-isidro-y-ramos-mejia-por-urgente-aumento-salarial","status":"publish","type":"post","link":"https:\/\/panoramadelsur.com.ar\/?p=46459","title":{"rendered":"M\u00c9DICOS PARAN EN SANATORIOS LA TRINIDAD DE SAN ISIDRO Y RAMOS MEJ\u00cdA POR URGENTE AUMENTO SALARIAL"},"content":{"rendered":"\n<p class=\"wp-block-paragraph\">Los profesionales nucleados en la Asociaci\u00f3n de M\u00e9dicos (AMRA) paralizar\u00e1n nuevamente las tareas durante 48 horas este jueves y viernes en el sanatorio La Trinidad de San Isidro en demanda de un urgente aumento salarial, inform\u00f3 el gremio.<\/p>\n\n\n\n<p class=\"wp-block-paragraph\">La organizaci\u00f3n sindical, que agrupa a m\u00e9dicos de la actividad p\u00fablica y privada, indic\u00f3 que habr\u00e1 esos d\u00edas un nuevo paro general en esos establecimientos bonaerenses pertenecientes al Grupo Galeno, en el contexto de un plan de lucha provincial.<\/p>\n\n\n\n<p class=\"wp-block-paragraph\">La medida de fuerza ser\u00e1 de 48 horas, con atenci\u00f3n de urgencias y guardias m\u00ednimas, y la pr\u00f3xima semana habr\u00e1 otro paro de m\u00e9dicos de planta en La Trinidad de Ramos Mej\u00eda, inform\u00f3 la AMRA.<\/p>\n\n\n\n<p class=\"wp-block-paragraph\">\u00abEl plan de lucha fue ratificado ante la ausencia de respuestas del Grupo Galeno a los leg\u00edtimos reclamos de los profesionales, y fue resuelto en una asamblea de los trabajadores m\u00e9dicos de La Trinidad de San Isidro (sede Thames y Fleming) y Ramos Mej\u00eda, quienes determinaron un cronograma de medidas de fuerza\u00bb, afirm\u00f3 el gremio.<\/p>\n\n\n\n<p class=\"wp-block-paragraph\">La AMRA consider\u00f3 que \u00ablos honorarios de la consulta m\u00e9dica deben determinarse entre 6 y 8 mil pesos y, la diferencia, tiene que ser abonada por los gerenciadores y las empresas privadas de la salud\u00bb, puntualiz\u00f3 el documento.<\/p>\n\n\n\n<p class=\"wp-block-paragraph\">La entidad, que lidera el m\u00e9dico Eduardo Taboada, adelant\u00f3 que las protestas continuar\u00e1n la semana pr\u00f3xima con un paro sin asistencia al lugar de trabajo el jueves 26 y viernes 27, pero \u00abno afectar\u00e1 a las unidades cr\u00edticas y a la guardia externa\u00bb, dijo.<\/p>\n","protected":false},"excerpt":{"rendered":"<p>Los profesionales<\/p>\n","protected":false},"author":1,"featured_media":39574,"comment_status":"closed","ping_status":"closed","sticky":false,"template":"","format":"standard","meta":{"footnotes":""},"categories":[5],"tags":[27],"class_list":["post-46459","post","type-post","status-publish","format-standard","has-post-thumbnail","hentry","category-provincia","tag-provincia"],"_links":{"self":[{"href":"https:\/\/panoramadelsur.com.ar\/index.php?rest_route=\/wp\/v2\/posts\/46459","targetHints":{"allow":["GET"]}}],"collection":[{"href":"https:\/\/panoramadelsur.com.ar\/index.php?rest_route=\/wp\/v2\/posts"}],"about":[{"href":"https:\/\/panoramadelsur.com.ar\/index.php?rest_route=\/wp\/v2\/types\/post"}],"author":[{"embeddable":true,"href":"https:\/\/panoramadelsur.com.ar\/index.php?rest_route=\/wp\/v2\/users\/1"}],"replies":[{"embeddable":true,"href":"https:\/\/panoramadelsur.com.ar\/index.php?rest_route=%2Fwp%2Fv2%2Fcomments&post=46459"}],"version-history":[{"count":1,"href":"https:\/\/panoramadelsur.com.ar\/index.php?rest_route=\/wp\/v2\/posts\/46459\/revisions"}],"predecessor-version":[{"id":46461,"href":"https:\/\/panoramadelsur.com.ar\/index.php?rest_route=\/wp\/v2\/posts\/46459\/revisions\/46461"}],"wp:featuredmedia":[{"embeddable":true,"href":"https:\/\/panoramadelsur.com.ar\/index.php?rest_route=\/wp\/v2\/media\/39574"}],"wp:attachment":[{"href":"https:\/\/panoramadelsur.com.ar\/index.php?rest_route=%2Fwp%2Fv2%2Fmedia&parent=46459"}],"wp:term":[{"taxonomy":"category","embeddable":true,"href":"https:\/\/panoramadelsur.com.ar\/index.php?rest_route=%2Fwp%2Fv2%2Fcategories&post=46459"},{"taxonomy":"post_tag","embeddable":true,"href":"https:\/\/panoramadelsur.com.ar\/index.php?rest_route=%2Fwp%2Fv2%2Ftags&post=46459"}],"curies":[{"name":"wp","href":"https:\/\/api.w.org\/{rel}","templated":true}]}}