{"id":46469,"date":"2023-10-19T01:01:00","date_gmt":"2023-10-19T04:01:00","guid":{"rendered":"https:\/\/panoramadelsur.com.ar\/?p=46469"},"modified":"2023-10-19T03:26:18","modified_gmt":"2023-10-19T06:26:18","slug":"kicillof-apostamos-por-un-estado-presente-que-brinde-respuestas-a-los-necesidades-de-todos","status":"publish","type":"post","link":"https:\/\/panoramadelsur.com.ar\/?p=46469","title":{"rendered":"KICILLOF: \u00abAPOSTAMOS POR UN ESTADO PRESENTE QUE BRINDE RESPUESTAS A LOS NECESIDADES DE TODOS\u00bb"},"content":{"rendered":"\n<p class=\"wp-block-paragraph\">El gobernador de la provincia de Buenos Aires y postulante a la reelecci\u00f3n, Axel Kicillof, encabez\u00f3 ayer un acto en la ciudad de Campana junto al candidato a intendente Alejo Sarna, donde afirm\u00f3 que \u00abapostamos por un Estado presente que brinde respuestas a los necesidades de todos y todas las bonaerenses\u00bb.<\/p>\n\n\n\n<p class=\"wp-block-paragraph\">\u00abEsta es una elecci\u00f3n decisiva, en la que tenemos que defender valores y principios que pens\u00e1bamos que ya nadie iba a discutir: ante los candidatos de la derecha que apuntan contra la salud y la educaci\u00f3n p\u00fablica, la propuesta de Uni\u00f3n por la Patria (UxP) es seguir expandiendo derechos\u00bb, afirm\u00f3 en el acto de la sede local de la Uni\u00f3n Obrera Metal\u00fargica (UOM).<\/p>\n\n\n\n<p class=\"wp-block-paragraph\">En ese marco, Kicillof resalt\u00f3 que \u00abdejamos atr\u00e1s una etapa de cuatro a\u00f1os en la que el gobierno anterior discriminaba a las y los intendentes que pertenec\u00edan a otras fuerzas pol\u00edticas: nosotros creemos en un Estado presente que brinde respuestas a las necesidades de todos y todas las bonaerenses\u00bb.<\/p>\n\n\n\n<p class=\"wp-block-paragraph\">\u00abLo hacemos a pesar de que algunas autoridades locales se dediquen a mentir y no reconozcan el esfuerzo que han hecho la Naci\u00f3n y la Provincia\u00bb, explic\u00f3 el gobernador, y a\u00f1adi\u00f3: \u00abCampana es un distrito clave, como lo es toda esta regi\u00f3n industrial, y necesita de un intendente como Alejo Sarna para impulsar un plan de desarrollo productivo que garantice que haya m\u00e1s empresas, trabajo y dignidad en el municipio\u00bb.<\/p>\n\n\n\n<p class=\"wp-block-paragraph\">Kicillof remarc\u00f3 que \u00aba pesar de todas las dificultades que hemos tenido que atravesar durante estos cuatro a\u00f1os, aqu\u00ed estamos junto al movimiento obrero, las organizaciones sociales y todos los sectores pol\u00edticos de nuestro frente para garantizar que Sergio Massa sea el pr\u00f3ximo presidente de la Argentina\u00bb.<\/p>\n\n\n\n<p class=\"wp-block-paragraph\">Sarna indic\u00f3 que \u00ablas pol\u00edticas p\u00fablicas de esta gesti\u00f3n provincial llegaron absolutamente a todas las y los ciudadanos de Campana: en estos casi cuatro a\u00f1os fuimos receptores de un Estado presente que este 22 de octubre se pone en juego y tenemos que defender\u00bb.<\/p>\n\n\n\n<p class=\"wp-block-paragraph\">\u00abFalta mucho por hacer y estamos convencidos de que vamos a devolverles la dignidad a todas las y los campanenses con m\u00e1s educaci\u00f3n, salud y trabajo\u00bb, manifest\u00f3. <\/p>\n","protected":false},"excerpt":{"rendered":"<p>El gobernador<\/p>\n","protected":false},"author":1,"featured_media":39574,"comment_status":"closed","ping_status":"closed","sticky":false,"template":"","format":"standard","meta":{"footnotes":""},"categories":[1,5],"tags":[28,27],"class_list":["post-46469","post","type-post","status-publish","format-standard","has-post-thumbnail","hentry","category-destacados","category-provincia","tag-gba","tag-provincia"],"_links":{"self":[{"href":"https:\/\/panoramadelsur.com.ar\/index.php?rest_route=\/wp\/v2\/posts\/46469","targetHints":{"allow":["GET"]}}],"collection":[{"href":"https:\/\/panoramadelsur.com.ar\/index.php?rest_route=\/wp\/v2\/posts"}],"about":[{"href":"https:\/\/panoramadelsur.com.ar\/index.php?rest_route=\/wp\/v2\/types\/post"}],"author":[{"embeddable":true,"href":"https:\/\/panoramadelsur.com.ar\/index.php?rest_route=\/wp\/v2\/users\/1"}],"replies":[{"embeddable":true,"href":"https:\/\/panoramadelsur.com.ar\/index.php?rest_route=%2Fwp%2Fv2%2Fcomments&post=46469"}],"version-history":[{"count":1,"href":"https:\/\/panoramadelsur.com.ar\/index.php?rest_route=\/wp\/v2\/posts\/46469\/revisions"}],"predecessor-version":[{"id":46471,"href":"https:\/\/panoramadelsur.com.ar\/index.php?rest_route=\/wp\/v2\/posts\/46469\/revisions\/46471"}],"wp:featuredmedia":[{"embeddable":true,"href":"https:\/\/panoramadelsur.com.ar\/index.php?rest_route=\/wp\/v2\/media\/39574"}],"wp:attachment":[{"href":"https:\/\/panoramadelsur.com.ar\/index.php?rest_route=%2Fwp%2Fv2%2Fmedia&parent=46469"}],"wp:term":[{"taxonomy":"category","embeddable":true,"href":"https:\/\/panoramadelsur.com.ar\/index.php?rest_route=%2Fwp%2Fv2%2Fcategories&post=46469"},{"taxonomy":"post_tag","embeddable":true,"href":"https:\/\/panoramadelsur.com.ar\/index.php?rest_route=%2Fwp%2Fv2%2Ftags&post=46469"}],"curies":[{"name":"wp","href":"https:\/\/api.w.org\/{rel}","templated":true}]}}