{"id":46475,"date":"2023-10-26T01:01:00","date_gmt":"2023-10-26T04:01:00","guid":{"rendered":"https:\/\/panoramadelsur.com.ar\/?p=46475"},"modified":"2023-10-24T22:55:05","modified_gmt":"2023-10-25T01:55:05","slug":"arbitros-para-las-llaves-del-reducido","status":"publish","type":"post","link":"https:\/\/panoramadelsur.com.ar\/?p=46475","title":{"rendered":"\u00c1RBITROS PARA LAS LLAVES DEL REDUCIDO"},"content":{"rendered":"\n<p class=\"wp-block-paragraph\">Los siguientes son los \u00e1rbitros que controlar\u00e1n los partidos de la primera etapa del Reducido por el segundo ascenso a la Primera Nacional, que se jugar\u00e1n este fin de semana.<\/p>\n\n\n\n<p class=\"wp-block-paragraph\">-Viernes 27, a las 21.10, por TV-<\/p>\n\n\n\n<p class=\"wp-block-paragraph\">San Mart\u00edn de Tucum\u00e1n-Deportivo Riestra; Diego Ceballos<\/p>\n\n\n\n<p class=\"wp-block-paragraph\">-S\u00e1bado 28, a las 17.30, por TV-<\/p>\n\n\n\n<p class=\"wp-block-paragraph\">Chacarita Juniors-Temperley; Emanuel Ejarque<\/p>\n\n\n\n<p class=\"wp-block-paragraph\">-A las 18.00, por TV-<\/p>\n\n\n\n<p class=\"wp-block-paragraph\">Agropecuario de Carlos Casares-Ferro; Pablo Gim\u00e9nez<\/p>\n\n\n\n<p class=\"wp-block-paragraph\">-A las 21.30, por TV-<\/p>\n\n\n\n<p class=\"wp-block-paragraph\">Quilmes-Gimnasia y Esgrima de Mendoza; Jos\u00e9 Carreras<\/p>\n\n\n\n<p class=\"wp-block-paragraph\">-Domingo 29, a las 16.00-<\/p>\n\n\n\n<p class=\"wp-block-paragraph\">Deportivo Maip\u00fa de Mendoza-San Mart\u00edn de San Juan; Fabrizio Llobet<\/p>\n\n\n\n<p class=\"wp-block-paragraph\">-A las 19.00-<\/p>\n\n\n\n<p class=\"wp-block-paragraph\">Estudiantes de R\u00edo Cuarto-Mitre de Santiago del Estero; Nelson Sosa<\/p>\n\n\n\n<p class=\"wp-block-paragraph\">-Lunes 30, a las 21.30-<\/p>\n\n\n\n<p class=\"wp-block-paragraph\">Atl\u00e9tico de Rafaela-Defensores de Belgrano; Juan Pafundi. (T\u00e9lam)<\/p>\n","protected":false},"excerpt":{"rendered":"<p>Los siguientes<\/p>\n","protected":false},"author":1,"featured_media":39574,"comment_status":"closed","ping_status":"closed","sticky":false,"template":"","format":"standard","meta":{"footnotes":""},"categories":[6,10],"tags":[22],"class_list":["post-46475","post","type-post","status-publish","format-standard","has-post-thumbnail","hentry","category-deportes","category-mas-noticias","tag-futbol"],"_links":{"self":[{"href":"https:\/\/panoramadelsur.com.ar\/index.php?rest_route=\/wp\/v2\/posts\/46475","targetHints":{"allow":["GET"]}}],"collection":[{"href":"https:\/\/panoramadelsur.com.ar\/index.php?rest_route=\/wp\/v2\/posts"}],"about":[{"href":"https:\/\/panoramadelsur.com.ar\/index.php?rest_route=\/wp\/v2\/types\/post"}],"author":[{"embeddable":true,"href":"https:\/\/panoramadelsur.com.ar\/index.php?rest_route=\/wp\/v2\/users\/1"}],"replies":[{"embeddable":true,"href":"https:\/\/panoramadelsur.com.ar\/index.php?rest_route=%2Fwp%2Fv2%2Fcomments&post=46475"}],"version-history":[{"count":1,"href":"https:\/\/panoramadelsur.com.ar\/index.php?rest_route=\/wp\/v2\/posts\/46475\/revisions"}],"predecessor-version":[{"id":46476,"href":"https:\/\/panoramadelsur.com.ar\/index.php?rest_route=\/wp\/v2\/posts\/46475\/revisions\/46476"}],"wp:featuredmedia":[{"embeddable":true,"href":"https:\/\/panoramadelsur.com.ar\/index.php?rest_route=\/wp\/v2\/media\/39574"}],"wp:attachment":[{"href":"https:\/\/panoramadelsur.com.ar\/index.php?rest_route=%2Fwp%2Fv2%2Fmedia&parent=46475"}],"wp:term":[{"taxonomy":"category","embeddable":true,"href":"https:\/\/panoramadelsur.com.ar\/index.php?rest_route=%2Fwp%2Fv2%2Fcategories&post=46475"},{"taxonomy":"post_tag","embeddable":true,"href":"https:\/\/panoramadelsur.com.ar\/index.php?rest_route=%2Fwp%2Fv2%2Ftags&post=46475"}],"curies":[{"name":"wp","href":"https:\/\/api.w.org\/{rel}","templated":true}]}}