{"id":46485,"date":"2023-10-25T01:05:00","date_gmt":"2023-10-25T04:05:00","guid":{"rendered":"https:\/\/panoramadelsur.com.ar\/?p=46485"},"modified":"2023-10-24T23:28:25","modified_gmt":"2023-10-25T02:28:25","slug":"alak-pondero-el-programa-integral-de-ciudades-seguras-y-dijo-que-beneficiara-a-los-municipios","status":"publish","type":"post","link":"https:\/\/panoramadelsur.com.ar\/?p=46485","title":{"rendered":"ALAK PONDER\u00d3 EL PROGRAMA INTEGRAL DE CIUDADES SEGURAS Y DIJO QUE BENEFICIAR\u00c1 A LOS MUNICIPIOS"},"content":{"rendered":"\n<p class=\"wp-block-paragraph\">El ministro de Justicia bonaerense, Julio Alak, ponder\u00f3 el anuncio el Programa \u00abCiudades Seguras\u00bb que se desarroll\u00f3 en el Centro Cultural Kirchner, evento encabezado por el ministro Econom\u00eda y candidato a presidente de Uni\u00f3n por la Patria, Sergio Massa, y expuso que \u00abbeneficiar\u00e1 a los municipios con mayor incidencia de delitos y violencias\u00bb.<\/p>\n\n\n\n<p class=\"wp-block-paragraph\">Alak formul\u00f3 esas declaraciones tras participar del acto y agreg\u00f3: \u00abCelebro este programa que pone en marcha la construcci\u00f3n y mejora de Centros Inteligentes de Monitoreo (CIM), que ser\u00e1n provistos de tecnolog\u00eda de vanguardia en seguridad como el uso de inteligencias artificiales para reforzar las tareas de prevenci\u00f3n y mejorar la respuesta en la detecci\u00f3n de amenazas y lograr mayor coordinaci\u00f3n\u201d.<\/p>\n\n\n\n<p class=\"wp-block-paragraph\">\u201cEstamos trabajando mucho en propuestas para nuestra ciudad de La Plata y estas medidas beneficiar\u00e1n a los municipios con mayor incidencia de delitos y violencias, como as\u00ed tambi\u00e9n a aquellos que cuentan con m\u00e1s de 50 mil habitantes y requieran el fortalecimiento de sus estrategias de gesti\u00f3n local de la seguridad\u201d, razon\u00f3 Alak, quien se impuso el domingo pasado en las elecciones a intendente de la capital bonaerense por 1.400 votos sobre el actual jefe comunal, Julio Garro, de acuerdo con el escrutinio provisorio. <\/p>\n","protected":false},"excerpt":{"rendered":"<p>El ministro<\/p>\n","protected":false},"author":1,"featured_media":39574,"comment_status":"closed","ping_status":"closed","sticky":false,"template":"","format":"standard","meta":{"footnotes":""},"categories":[5],"tags":[28,27],"class_list":["post-46485","post","type-post","status-publish","format-standard","has-post-thumbnail","hentry","category-provincia","tag-gba","tag-provincia"],"_links":{"self":[{"href":"https:\/\/panoramadelsur.com.ar\/index.php?rest_route=\/wp\/v2\/posts\/46485","targetHints":{"allow":["GET"]}}],"collection":[{"href":"https:\/\/panoramadelsur.com.ar\/index.php?rest_route=\/wp\/v2\/posts"}],"about":[{"href":"https:\/\/panoramadelsur.com.ar\/index.php?rest_route=\/wp\/v2\/types\/post"}],"author":[{"embeddable":true,"href":"https:\/\/panoramadelsur.com.ar\/index.php?rest_route=\/wp\/v2\/users\/1"}],"replies":[{"embeddable":true,"href":"https:\/\/panoramadelsur.com.ar\/index.php?rest_route=%2Fwp%2Fv2%2Fcomments&post=46485"}],"version-history":[{"count":1,"href":"https:\/\/panoramadelsur.com.ar\/index.php?rest_route=\/wp\/v2\/posts\/46485\/revisions"}],"predecessor-version":[{"id":46487,"href":"https:\/\/panoramadelsur.com.ar\/index.php?rest_route=\/wp\/v2\/posts\/46485\/revisions\/46487"}],"wp:featuredmedia":[{"embeddable":true,"href":"https:\/\/panoramadelsur.com.ar\/index.php?rest_route=\/wp\/v2\/media\/39574"}],"wp:attachment":[{"href":"https:\/\/panoramadelsur.com.ar\/index.php?rest_route=%2Fwp%2Fv2%2Fmedia&parent=46485"}],"wp:term":[{"taxonomy":"category","embeddable":true,"href":"https:\/\/panoramadelsur.com.ar\/index.php?rest_route=%2Fwp%2Fv2%2Fcategories&post=46485"},{"taxonomy":"post_tag","embeddable":true,"href":"https:\/\/panoramadelsur.com.ar\/index.php?rest_route=%2Fwp%2Fv2%2Ftags&post=46485"}],"curies":[{"name":"wp","href":"https:\/\/api.w.org\/{rel}","templated":true}]}}