{"id":46494,"date":"2023-10-25T01:10:00","date_gmt":"2023-10-25T04:10:00","guid":{"rendered":"https:\/\/panoramadelsur.com.ar\/?p=46494"},"modified":"2023-10-25T06:56:26","modified_gmt":"2023-10-25T09:56:26","slug":"mayra-recorrio-una-nueva-jornada-del-quilmes-cerca-y-dialogo-con-vecinos-y-vecinas","status":"publish","type":"post","link":"https:\/\/panoramadelsur.com.ar\/?p=46494","title":{"rendered":"MAYRA RECORRI\u00d3 UNA NUEVA JORNADA DEL QUILMES CERCA Y DIALOG\u00d3 CON VECINOS Y VECINAS"},"content":{"rendered":"\n<p class=\"wp-block-paragraph\">La intendenta de Quilmes, Mayra Mendoza, recorri\u00f3 ayer martes un nuevo operativo Quilmes Cerca, el programa municipal de descentralizaci\u00f3n de la atenci\u00f3n, gesti\u00f3n de tr\u00e1mites y acceso a derechos, que se realiz\u00f3 en la Sociedad de Fomento Bella Vista, ubicada en Triunvirato 3670, de Quilmes Oeste.<\/p>\n\n\n\n<p class=\"wp-block-paragraph\">\u201cEstuvimos en un nuevo operativo del Quilmes Cerca en la Sociedad de Fomento Bella Vista, de Quilmes Oeste. Ya superamos los 660 operativos en toda la ciudad, permitiendo que se gestionen m\u00e1s de 230 mil consultas con el objetivo de que en Quilmes accedan a las pol\u00edticas del Estado Nacional, Provincial y Municipal. Cuando los proyectos pol\u00edticos, a trav\u00e9s del Estado, dan respuestas y trabajan para resolver los problemas de la gente, la gente acompa\u00f1a\u201d, asegur\u00f3 la Jefa comunal.<\/p>\n\n\n\n<p class=\"wp-block-paragraph\">Durante su visita, Mayra comparti\u00f3 una mateada con los integrantes de la comisi\u00f3n directiva de la sociedad de fomento y, en el contexto electoral, llam\u00f3 a construir la victoria de Sergio Massa de cara al balotaje. \u201cNo hay proyecto local sin proyecto nacional. Necesitamos un modelo de pa\u00eds que d\u00e9 cuenta de las necesidades del conurbano y que trabaje para que podamos resolverlas\u201d, sostuvo la Intendenta.<\/p>\n\n\n\n<p class=\"wp-block-paragraph\">En esa l\u00ednea, y en base al trabajo realizado y lo que se viene, Mayra asegur\u00f3: \u201cCuando tuvimos el resultado el domingo, les dije a los quilme\u00f1os y quilme\u00f1as que confiaron en nosotros que \u00edbamos a devolver esa confianza y ese acompa\u00f1amiento con m\u00e1s gesti\u00f3n y m\u00e1s trabajo, as\u00ed que hoy a dos d\u00edas de la elecci\u00f3n les estoy contando c\u00f3mo vamos a seguir trabajando para que Quilmes siga creciendo, siempre para adelante\u201d.<\/p>\n\n\n\n<p class=\"wp-block-paragraph\">Por su parte, el presidente de la instituci\u00f3n, Cristian Pilof, coment\u00f3: \u201cCreemos que estos operativos fortalecen al barrio y son muy importantes, porque los vecinos no tienen que trasladarse a distintos lugares para hacer los tr\u00e1mites, sino que tienen todo en un mismo lugar. El Estado est\u00e1 presente, hay articulaci\u00f3n, siempre tenemos una respuesta, y eso es b\u00e1rbaro\u201d.<\/p>\n\n\n\n<p class=\"wp-block-paragraph\">El Quilmes Cerca es un dispositivo itinerante de atenci\u00f3n del Estado que se viene desarrollando desde 2021 con gran despliegue territorial. Hasta el momento se han realizado 667 jornadas, en m\u00e1s de 290 sedes, y se han atendido m\u00e1s de 230 mil tr\u00e1mites y consultas. El programa tiene como eje el trabajo articulado con la comunidad y sus instituciones (clubes, sociedades de fomento, centros de jubilados).<\/p>\n\n\n\n<p class=\"wp-block-paragraph\">En esta jornada hubo stands de ANSES, RENAPER, PAMI, tarjeta SUBE, Acceso a la Justicia, Mujeres y Diversidades, entre otros, adem\u00e1s de vacunaci\u00f3n del calendario oficial.<\/p>\n\n\n\n<p class=\"wp-block-paragraph\">Habr\u00e1 nuevos operativos en Quilmes Oeste, ma\u00f1ana en la Sociedad de Fomento Barrio Parque, ubicada en Palma de Mallorca 4064, y el jueves 26, en el Merendero Umita, que funciona en la calle Islas Malvinas 4544. En tanto el viernes 27 el Quilmes Cerca llega a Bernal Oeste, con una jornada en la Sociedad de Fomento Villa Montero, con sede en Alem 1660.<\/p>\n\n\n\n<p class=\"wp-block-paragraph\">Estuvieron presentes el secretario de Gesti\u00f3n y Participaci\u00f3n Ciudadana, Juli\u00e1n Bellido; su par de Culturas y Deportes, Nicol\u00e1s Mellino, y la directora del CIC Agust\u00edn Ram\u00edrez, Sharon Lombard\u00eda.<\/p>\n","protected":false},"excerpt":{"rendered":"<p>La intendenta<\/p>\n","protected":false},"author":1,"featured_media":39574,"comment_status":"closed","ping_status":"closed","sticky":false,"template":"","format":"standard","meta":{"footnotes":""},"categories":[2],"tags":[35,17],"class_list":["post-46494","post","type-post","status-publish","format-standard","has-post-thumbnail","hentry","category-quilmes","tag-municipio-de-quilmes","tag-quilmes"],"_links":{"self":[{"href":"https:\/\/panoramadelsur.com.ar\/index.php?rest_route=\/wp\/v2\/posts\/46494","targetHints":{"allow":["GET"]}}],"collection":[{"href":"https:\/\/panoramadelsur.com.ar\/index.php?rest_route=\/wp\/v2\/posts"}],"about":[{"href":"https:\/\/panoramadelsur.com.ar\/index.php?rest_route=\/wp\/v2\/types\/post"}],"author":[{"embeddable":true,"href":"https:\/\/panoramadelsur.com.ar\/index.php?rest_route=\/wp\/v2\/users\/1"}],"replies":[{"embeddable":true,"href":"https:\/\/panoramadelsur.com.ar\/index.php?rest_route=%2Fwp%2Fv2%2Fcomments&post=46494"}],"version-history":[{"count":1,"href":"https:\/\/panoramadelsur.com.ar\/index.php?rest_route=\/wp\/v2\/posts\/46494\/revisions"}],"predecessor-version":[{"id":46496,"href":"https:\/\/panoramadelsur.com.ar\/index.php?rest_route=\/wp\/v2\/posts\/46494\/revisions\/46496"}],"wp:featuredmedia":[{"embeddable":true,"href":"https:\/\/panoramadelsur.com.ar\/index.php?rest_route=\/wp\/v2\/media\/39574"}],"wp:attachment":[{"href":"https:\/\/panoramadelsur.com.ar\/index.php?rest_route=%2Fwp%2Fv2%2Fmedia&parent=46494"}],"wp:term":[{"taxonomy":"category","embeddable":true,"href":"https:\/\/panoramadelsur.com.ar\/index.php?rest_route=%2Fwp%2Fv2%2Fcategories&post=46494"},{"taxonomy":"post_tag","embeddable":true,"href":"https:\/\/panoramadelsur.com.ar\/index.php?rest_route=%2Fwp%2Fv2%2Ftags&post=46494"}],"curies":[{"name":"wp","href":"https:\/\/api.w.org\/{rel}","templated":true}]}}