{"id":46501,"date":"2023-10-26T01:05:00","date_gmt":"2023-10-26T04:05:00","guid":{"rendered":"https:\/\/panoramadelsur.com.ar\/?p=46501"},"modified":"2023-10-25T15:59:49","modified_gmt":"2023-10-25T18:59:49","slug":"la-tecnologia-va-a-ser-uno-de-los-pilares-de-un-gobierno-de-massa-afirmo-el-titular-de-enacom","status":"publish","type":"post","link":"https:\/\/panoramadelsur.com.ar\/?p=46501","title":{"rendered":"\u00abLA TECNOLOG\u00cdA VA A SER UNO DE LOS PILARES DE UN GOBIERNO DE MASSA\u00bb, AFIRM\u00d3 EL TITULAR DE ENACOM"},"content":{"rendered":"\n<p class=\"wp-block-paragraph\">La tecnolog\u00eda \u00abva a ser uno de los pilares\u00bb de Sergio Massa si llega a la Presidencia, afirm\u00f3 el titular del Ente Nacional de Comunicaciones (Enacom), Claudio Ambrosini, al destacar la reciente licitaci\u00f3n de la banda 5G por m\u00e1s de US$ 875 millones concretada por el Gobierno nacional.<\/p>\n\n\n\n<p class=\"wp-block-paragraph\">En ese sentido mencion\u00f3 el empuje a la econom\u00eda del conocimiento; la asignaci\u00f3n de espectro libre para la tecnolog\u00eda WiFi 6; la licitaci\u00f3n del 5G, entre otras acciones.<\/p>\n\n\n\n<p class=\"wp-block-paragraph\">\u00abDesde que asumimos el Gobierno planteamos dos hitos tecnol\u00f3gicos importantes: traer Wi-Fi 6 a la Argentina y, junto con las empresas, poder tener la 5G, como termin\u00f3 de plasmarse la licitaci\u00f3n y las tres compa\u00f1\u00edas que brindan telefon\u00eda celular en la Argentina ya tienen el 5G adjudicado (Telecom, Claro y Telef\u00f3nica)\u00bb, reiter\u00f3 Ambrosini..<\/p>\n\n\n\n<p class=\"wp-block-paragraph\">Seg\u00fan el funcionario, \u00abla telefon\u00eda 5G significa una mayor velocidad\u00bb en la transmici\u00f3n de datos que \u00abva a cambiar los procesos industriales y beneficiar la productividad\u00bb, como por ejemplo en las plantas automotrices que est\u00e1n robotizadas.<\/p>\n\n\n\n<p class=\"wp-block-paragraph\">La licitaci\u00f3n de 5G \u00abes un salto importante para lugares estrat\u00e9gicos de la Argentina\u00bb, consider\u00f3, y aclar\u00f3 que esta tecnolog\u00eda \u00abva a convivir\u00bb con la 4G, que es la que utilizan la mayor\u00eda de los usuarios de comunicaciones m\u00f3viles del pa\u00eds.<\/p>\n\n\n\n<p class=\"wp-block-paragraph\">Sobre este punto, ejemplific\u00f3 con el caso de Brasil, el Estado \u00abse reserv\u00f3 una parte del espectro para cuestiones de seguridad y militares\u00bb, tras lo cual dijo: \u00abCreo que la Jefatura de Gabinete va a hacer eso y lo va a presentar p\u00fablicamente en breve\u00bb.<\/p>\n","protected":false},"excerpt":{"rendered":"<p>La tecnolog\u00eda<\/p>\n","protected":false},"author":1,"featured_media":39574,"comment_status":"closed","ping_status":"closed","sticky":false,"template":"","format":"standard","meta":{"footnotes":""},"categories":[4],"tags":[],"class_list":["post-46501","post","type-post","status-publish","format-standard","has-post-thumbnail","hentry","category-nacionales"],"_links":{"self":[{"href":"https:\/\/panoramadelsur.com.ar\/index.php?rest_route=\/wp\/v2\/posts\/46501","targetHints":{"allow":["GET"]}}],"collection":[{"href":"https:\/\/panoramadelsur.com.ar\/index.php?rest_route=\/wp\/v2\/posts"}],"about":[{"href":"https:\/\/panoramadelsur.com.ar\/index.php?rest_route=\/wp\/v2\/types\/post"}],"author":[{"embeddable":true,"href":"https:\/\/panoramadelsur.com.ar\/index.php?rest_route=\/wp\/v2\/users\/1"}],"replies":[{"embeddable":true,"href":"https:\/\/panoramadelsur.com.ar\/index.php?rest_route=%2Fwp%2Fv2%2Fcomments&post=46501"}],"version-history":[{"count":1,"href":"https:\/\/panoramadelsur.com.ar\/index.php?rest_route=\/wp\/v2\/posts\/46501\/revisions"}],"predecessor-version":[{"id":46503,"href":"https:\/\/panoramadelsur.com.ar\/index.php?rest_route=\/wp\/v2\/posts\/46501\/revisions\/46503"}],"wp:featuredmedia":[{"embeddable":true,"href":"https:\/\/panoramadelsur.com.ar\/index.php?rest_route=\/wp\/v2\/media\/39574"}],"wp:attachment":[{"href":"https:\/\/panoramadelsur.com.ar\/index.php?rest_route=%2Fwp%2Fv2%2Fmedia&parent=46501"}],"wp:term":[{"taxonomy":"category","embeddable":true,"href":"https:\/\/panoramadelsur.com.ar\/index.php?rest_route=%2Fwp%2Fv2%2Fcategories&post=46501"},{"taxonomy":"post_tag","embeddable":true,"href":"https:\/\/panoramadelsur.com.ar\/index.php?rest_route=%2Fwp%2Fv2%2Ftags&post=46501"}],"curies":[{"name":"wp","href":"https:\/\/api.w.org\/{rel}","templated":true}]}}