{"id":46507,"date":"2023-10-26T01:06:00","date_gmt":"2023-10-26T04:06:00","guid":{"rendered":"https:\/\/panoramadelsur.com.ar\/?p=46507"},"modified":"2023-10-25T16:11:53","modified_gmt":"2023-10-25T19:11:53","slug":"san-lorenzo-va-por-la-recuperacion-ante-el-ascendente-platense","status":"publish","type":"post","link":"https:\/\/panoramadelsur.com.ar\/?p=46507","title":{"rendered":"SAN LORENZO VA POR LA RECUPERACI\u00d3N ANTE EL ASCENDENTE PLATENSE"},"content":{"rendered":"\n<p class=\"wp-block-paragraph\">San Lorenzo recibir\u00e1 este jueves a Platense en busca de la recuperaci\u00f3n para acercarse a los puestos de clasificaci\u00f3n en la zona B de la Copa de la Liga Profesional.<\/p>\n\n\n\n<p class=\"wp-block-paragraph\">El partido de la fecha 10 se jugar\u00e1 desde las 18.30 en el estadio Pedro Bidegain, con Silvio Trucco de \u00e1rbitro y transmisi\u00f3n de ESPN Premium.<\/p>\n\n\n\n<p class=\"wp-block-paragraph\">El equipo de Rub\u00e9n Dar\u00edo Ins\u00faa tendr\u00e1 una dura prueba ante el ascendente Platense, que gan\u00f3 cuatro de los \u00faltimos seis y tom\u00f3 aire en la lucha por la permanencia.<\/p>\n\n\n\n<p class=\"wp-block-paragraph\">El \u00abCicl\u00f3n\u00bb est\u00e1 exigido de resultados en las dos tablas ya que con 9 puntos est\u00e1 a cinco de los cuatro mejores de la zona B y en la anual (55) fue desplazado de los puestos de Libertadores por Godoy Cruz (56) tras la \u00faltima derrota (1-0) en Mendoza.<\/p>\n\n\n\n<p class=\"wp-block-paragraph\">El equipo de Mart\u00edn Palermo sum\u00f3 dos triunfos seguidos ante Racing Club (2-1) en Avellaneda y el ag\u00f3nico frente a Estudiantes de La Plata (2-1) en Vicente L\u00f3pez y en caso de sumar en el Bajo Flores podr\u00eda terminar adentro de la fase final.<\/p>\n\n\n\n<p class=\"wp-block-paragraph\">San Lorenzo no gana desde la primera fecha (1-0 en Lan\u00fas) y sus \u00faltimos festejos fueron ante Belgrano y San Mart\u00edn de San Juan (ambos 1-0) para meterse en la semifinal de la Copa Argentina, la otra v\u00eda de acceso para cumplir el objetivo de regresar a la fase de grupos de la Libertadores despu\u00e9s de cuatro ediciones.<\/p>\n\n\n\n<p class=\"wp-block-paragraph\">El goleador \u00abazulgrana\u00bb Adam Bareiro volver\u00e1 a jugar desde el inicio y tratar\u00e1 de aportar a la pobre producci\u00f3n ofensiva del equipo que solo convirti\u00f3 dos goles en los \u00faltimos seis encuentros.<\/p>\n\n\n\n<p class=\"wp-block-paragraph\">El paraguayo, que estuvo afectado a su seleccionado, reemplazar\u00e1 a Iv\u00e1n Leguizam\u00f3n y formar\u00e1 dupla de ataque con Federico Girotti.<\/p>\n\n\n\n<p class=\"wp-block-paragraph\">La otra variante ser\u00e1 el regreso del suspendido Jalil El\u00edas en lugar de Gonzalo Maroni en el mediocampo.<\/p>\n\n\n\n<p class=\"wp-block-paragraph\">Por su parte, el entrenador de Platense, Mart\u00edn Palermo, quien estuvo cerca de dejar el cargo luego de iniciar el torneo con tres resultados adversos, repetir\u00eda el equipo que le gan\u00f3 a Estudiantes sobre el final con el gol de Maximiliano Zalazar.<\/p>\n\n\n\n<p class=\"wp-block-paragraph\">La novedad en la visita ser\u00e1 el regreso a la lista de convocados del delantero Nicol\u00e1s Servetto, el goleador del equipo en 2023 con 7 tantos, que se perdi\u00f3 las \u00faltimas tres fechas por una lesi\u00f3n muscular.<\/p>\n\n\n\n<p class=\"wp-block-paragraph\">El \u00abCalamar\u00bb se alej\u00f3 de la zona baja, ya est\u00e1 en la mitad de la tabla general con 48 puntos y se ilusiona con pelear por el ingreso a una copa internacional por primera vez en su historia.<\/p>\n\n\n\n<p class=\"wp-block-paragraph\">Adem\u00e1s, Platense intentar\u00e1 tomarse revancha de la eliminaci\u00f3n en Copa Argentina que sufri\u00f3 a fines de julio a manos de San Lorenzo en la definici\u00f3n por penales y de la derrota de abril en tiempo de descuento (gol del colombiano P\u00e9rez) por la Liga.<\/p>\n\n\n\n<p class=\"wp-block-paragraph\">La \u00fanica victoria de Platense en el Nuevo Gas\u00f3metro fue por la quinta fecha del torneo Clausura 1994 cuando se impuso por 2-1 con goles de Hern\u00e1n Maisterra y Diego D\u00edaz.<\/p>\n\n\n\n<p class=\"wp-block-paragraph\">El historial de la era profesional indica que San Lorenzo gan\u00f3 54 de los 111 enfrentamientos, Platense triunf\u00f3 en 22 y empataron 35 veces.<\/p>\n\n\n\n<p class=\"wp-block-paragraph\">-Probables formaciones-<\/p>\n\n\n\n<p class=\"wp-block-paragraph\">San Lorenzo: Augusto Batalla; Rafael P\u00e9rez, Gast\u00f3n Campi y Gast\u00f3n Hern\u00e1ndez; Agust\u00edn Giay, Carlos S\u00e1nchez, Jalil El\u00edas y Malcom Braida; Nahuel Barrios; Federico Girotti y Adam Bareiro. DT: Rub\u00e9n Dar\u00edo Ins\u00faa.<\/p>\n\n\n\n<p class=\"wp-block-paragraph\">Platense: Ramiro Macagno; Ra\u00fal Lozano, Ignacio V\u00e1zquez, Gast\u00f3n Suso y Juan Infante; Franco D\u00edaz, Leonel Picco, Nicol\u00e1s Castro y Sasha Marcich; Ciro Rius y Ronaldo Mart\u00ednez. DT: Mart\u00edn Palermo.<\/p>\n\n\n\n<p class=\"wp-block-paragraph\">Hora: 18:30<\/p>\n\n\n\n<p class=\"wp-block-paragraph\">Estadio: Pedro Bidegain<\/p>\n\n\n\n<p class=\"wp-block-paragraph\">\u00c1rbitro: Silvio Trucco<\/p>\n\n\n\n<p class=\"wp-block-paragraph\">VAR: Andr\u00e9s Merlos <\/p>\n","protected":false},"excerpt":{"rendered":"<p>San Lorenzo<\/p>\n","protected":false},"author":1,"featured_media":39574,"comment_status":"closed","ping_status":"closed","sticky":false,"template":"","format":"standard","meta":{"footnotes":""},"categories":[6],"tags":[22,29,50],"class_list":["post-46507","post","type-post","status-publish","format-standard","has-post-thumbnail","hentry","category-deportes","tag-futbol","tag-liga-profesional","tag-lpf"],"_links":{"self":[{"href":"https:\/\/panoramadelsur.com.ar\/index.php?rest_route=\/wp\/v2\/posts\/46507","targetHints":{"allow":["GET"]}}],"collection":[{"href":"https:\/\/panoramadelsur.com.ar\/index.php?rest_route=\/wp\/v2\/posts"}],"about":[{"href":"https:\/\/panoramadelsur.com.ar\/index.php?rest_route=\/wp\/v2\/types\/post"}],"author":[{"embeddable":true,"href":"https:\/\/panoramadelsur.com.ar\/index.php?rest_route=\/wp\/v2\/users\/1"}],"replies":[{"embeddable":true,"href":"https:\/\/panoramadelsur.com.ar\/index.php?rest_route=%2Fwp%2Fv2%2Fcomments&post=46507"}],"version-history":[{"count":1,"href":"https:\/\/panoramadelsur.com.ar\/index.php?rest_route=\/wp\/v2\/posts\/46507\/revisions"}],"predecessor-version":[{"id":46509,"href":"https:\/\/panoramadelsur.com.ar\/index.php?rest_route=\/wp\/v2\/posts\/46507\/revisions\/46509"}],"wp:featuredmedia":[{"embeddable":true,"href":"https:\/\/panoramadelsur.com.ar\/index.php?rest_route=\/wp\/v2\/media\/39574"}],"wp:attachment":[{"href":"https:\/\/panoramadelsur.com.ar\/index.php?rest_route=%2Fwp%2Fv2%2Fmedia&parent=46507"}],"wp:term":[{"taxonomy":"category","embeddable":true,"href":"https:\/\/panoramadelsur.com.ar\/index.php?rest_route=%2Fwp%2Fv2%2Fcategories&post=46507"},{"taxonomy":"post_tag","embeddable":true,"href":"https:\/\/panoramadelsur.com.ar\/index.php?rest_route=%2Fwp%2Fv2%2Ftags&post=46507"}],"curies":[{"name":"wp","href":"https:\/\/api.w.org\/{rel}","templated":true}]}}