{"id":46922,"date":"2023-11-13T01:06:00","date_gmt":"2023-11-13T04:06:00","guid":{"rendered":"https:\/\/panoramadelsur.com.ar\/?p=46922"},"modified":"2023-11-07T21:16:44","modified_gmt":"2023-11-08T00:16:44","slug":"salta-sera-sede-del-master-final-del-circuito-a1-padel","status":"publish","type":"post","link":"https:\/\/panoramadelsur.com.ar\/?p=46922","title":{"rendered":"SALTA SER\u00c1 SEDE DEL MASTER FINAL DEL CIRCUITO A1 P\u00c1DEL"},"content":{"rendered":"\n<p>El circuito A1 P\u00e1del anunci\u00f3 que Salta ser\u00e1 la sede del \u00faltimo torneo del a\u00f1o, del 13 al 17 de diciembre, en el estadio Delmi de la capital provincial, donde el anfitri\u00f3n es Maximiliano Arce -n\u00famero 1 del mundo junto a Franco Dal Bianco- quienes ya acumulan 9 torneos ganados en 2023.<\/p>\n\n\n\n<p>\u201cPor primera vez, Salta ser\u00e1 sede del Master Final de A1 P\u00e1del\u201d, dijo el gobernador Gustavo S\u00e1enz, quien se\u00f1al\u00f3 que la capital salte\u00f1a \u201ces una ciudad reconocida por su afici\u00f3n al p\u00e1del\u201d y \u201cadem\u00e1s es la casa de Maxi Arce, n\u00famero 1 del mundo\u201d.<\/p>\n\n\n\n<p>De esta manera, el mandatario destac\u00f3 la decisi\u00f3n de este circuito de elegir a la provincia norte\u00f1a como anfitriona de un evento deportivo internacional, que se realizar\u00e1 entre el 13 y el 17 de diciembre, en el estadio Delmi de la capital salte\u00f1a.<\/p>\n\n\n\n<p>El gobernador felicit\u00f3 a Maxi Arce al se\u00f1alar que \u201cnuestro embajador deportivo salte\u00f1o se consagr\u00f3 campe\u00f3n y consigui\u00f3 en M\u00e9xico su noveno t\u00edtulo este a\u00f1o\u201d, al tiempo que destac\u00f3 que \u201cser\u00e1 un enorme placer recibir en Salta el M\u00e1ster Final del A1 Padel\u201d.<\/p>\n\n\n\n<p>El Grand Master se disputar\u00e1 en la ciudad francesa de Beausoleil, entre el 4 y el 10 de diciembre, mientras que Salta disfrutar\u00e1 del \u00faltimo torneo del a\u00f1o, del 13 al 17 de diciembre.<\/p>\n\n\n\n<p>Aunque fueron varias las ciudades postuladas para acoger el Master Final, incluso el proyecto tambi\u00e9n pod\u00eda darse en Estados Unidos, pero finalmente Salta se qued\u00f3 con la sede, algo considerado hist\u00f3rico para el deporte local.<\/p>\n\n\n\n<p>La comunicaci\u00f3n del circuito A1 P\u00e1del se\u00f1al\u00f3 que \u201cse espera una aut\u00e9ntica fiesta del p\u00e1del en el Master Final, con gradas a rebosar: este es el torneo que todo jugador sue\u00f1a con jugar a principio de temporada, ya que solo est\u00e1n presentes las mejores ocho parejas del a\u00f1o\u201d.<\/p>\n\n\n\n<p>En la semana previa, durante el Grand Master de Francia, el circuito visitar\u00e1 por segunda vez en el a\u00f1o ese pa\u00eds, \u201cotro de los tantos sitios donde el deporte se desarrolla a pasos agigantados\u201d.<\/p>\n\n\n\n<p>\u201cSer\u00e1 el segundo torneo de categor\u00eda Grand Master en este 2023, tras aquel hist\u00f3rico evento en Nueva York\u201d, que se jug\u00f3 en el Central Park, indica el circuito.<\/p>\n\n\n\n<p>Adem\u00e1s, destaca que \u201cser\u00e1 una semana trascendental para jugadores como Santi Rolla, Andr\u00e9s Britos y Mart\u00edn Abud, que siguen luchando mano a mano para quedar dentro del top 16 y clasificar al Master Final de Salta\u201d.<\/p>\n\n\n\n<p>Por su parte, Arce public\u00f3 en sus redes sociales: \u00abLos espero a todos para vivir un evento incre\u00edble\u201d, tras lo que afirm\u00f3 que \u201cno hay palabras para describir este sue\u00f1o\u201d. <\/p>\n","protected":false},"excerpt":{"rendered":"<p>El circuito<\/p>\n","protected":false},"author":1,"featured_media":39574,"comment_status":"closed","ping_status":"closed","sticky":false,"template":"","format":"standard","meta":{"footnotes":""},"categories":[6],"tags":[],"class_list":["post-46922","post","type-post","status-publish","format-standard","has-post-thumbnail","hentry","category-deportes"],"_links":{"self":[{"href":"https:\/\/panoramadelsur.com.ar\/index.php?rest_route=\/wp\/v2\/posts\/46922","targetHints":{"allow":["GET"]}}],"collection":[{"href":"https:\/\/panoramadelsur.com.ar\/index.php?rest_route=\/wp\/v2\/posts"}],"about":[{"href":"https:\/\/panoramadelsur.com.ar\/index.php?rest_route=\/wp\/v2\/types\/post"}],"author":[{"embeddable":true,"href":"https:\/\/panoramadelsur.com.ar\/index.php?rest_route=\/wp\/v2\/users\/1"}],"replies":[{"embeddable":true,"href":"https:\/\/panoramadelsur.com.ar\/index.php?rest_route=%2Fwp%2Fv2%2Fcomments&post=46922"}],"version-history":[{"count":1,"href":"https:\/\/panoramadelsur.com.ar\/index.php?rest_route=\/wp\/v2\/posts\/46922\/revisions"}],"predecessor-version":[{"id":46924,"href":"https:\/\/panoramadelsur.com.ar\/index.php?rest_route=\/wp\/v2\/posts\/46922\/revisions\/46924"}],"wp:featuredmedia":[{"embeddable":true,"href":"https:\/\/panoramadelsur.com.ar\/index.php?rest_route=\/wp\/v2\/media\/39574"}],"wp:attachment":[{"href":"https:\/\/panoramadelsur.com.ar\/index.php?rest_route=%2Fwp%2Fv2%2Fmedia&parent=46922"}],"wp:term":[{"taxonomy":"category","embeddable":true,"href":"https:\/\/panoramadelsur.com.ar\/index.php?rest_route=%2Fwp%2Fv2%2Fcategories&post=46922"},{"taxonomy":"post_tag","embeddable":true,"href":"https:\/\/panoramadelsur.com.ar\/index.php?rest_route=%2Fwp%2Fv2%2Ftags&post=46922"}],"curies":[{"name":"wp","href":"https:\/\/api.w.org\/{rel}","templated":true}]}}