{"id":46930,"date":"2023-11-10T01:02:00","date_gmt":"2023-11-10T04:02:00","guid":{"rendered":"https:\/\/panoramadelsur.com.ar\/?p=46930"},"modified":"2023-11-07T21:37:31","modified_gmt":"2023-11-08T00:37:31","slug":"luis-lobo-medina-el-arbitro-designado-para-quilmes-riestra","status":"publish","type":"post","link":"https:\/\/panoramadelsur.com.ar\/?p=46930","title":{"rendered":"LUIS LOBO MEDINA, EL \u00c1RBITRO DESIGNADO PARA QUILMES-RIESTRA"},"content":{"rendered":"\n<p>El siguiente es el listado de \u00e1rbitros que controlar\u00e1 los partidos desquite de cuartos de final del Reducido de la Primera Nacional de f\u00fatbol, por el segundo ascenso a Primera.<\/p>\n\n\n\n<h2 class=\"wp-block-heading\">-S\u00e1bado 11, a las 16.15-<\/h2>\n\n\n\n<p>Almirante Brown-Ferro Carril Oeste; Jorge Bali\u00f1o.<\/p>\n\n\n\n<h2 class=\"wp-block-heading\">-Domingo 12, a las 14.30-<\/h2>\n\n\n\n<p>Deportivo Maip\u00fa de Mendoza-Temperley; Dar\u00edo Herrera<\/p>\n\n\n\n<h2 class=\"wp-block-heading\">-Lunes 13, a las 15.30-<\/h2>\n\n\n\n<p><strong>Quilmes &#8211; Deportivo Riestra; Luis Lobo Medina<\/strong><\/p>\n\n\n\n<p>-A las 21.05-<\/p>\n\n\n\n<p>Estudiantes de R\u00edo Cuarto-Atl\u00e9tico de Rafaela; Pablo Gim\u00e9nez. <\/p>\n","protected":false},"excerpt":{"rendered":"<p>El siguiente<\/p>\n","protected":false},"author":1,"featured_media":39574,"comment_status":"closed","ping_status":"closed","sticky":false,"template":"","format":"standard","meta":{"footnotes":""},"categories":[6,10],"tags":[22,23,71,17,782],"class_list":["post-46930","post","type-post","status-publish","format-standard","has-post-thumbnail","hentry","category-deportes","category-mas-noticias","tag-futbol","tag-primera-nacional","tag-qac","tag-quilmes","tag-reducido"],"_links":{"self":[{"href":"https:\/\/panoramadelsur.com.ar\/index.php?rest_route=\/wp\/v2\/posts\/46930","targetHints":{"allow":["GET"]}}],"collection":[{"href":"https:\/\/panoramadelsur.com.ar\/index.php?rest_route=\/wp\/v2\/posts"}],"about":[{"href":"https:\/\/panoramadelsur.com.ar\/index.php?rest_route=\/wp\/v2\/types\/post"}],"author":[{"embeddable":true,"href":"https:\/\/panoramadelsur.com.ar\/index.php?rest_route=\/wp\/v2\/users\/1"}],"replies":[{"embeddable":true,"href":"https:\/\/panoramadelsur.com.ar\/index.php?rest_route=%2Fwp%2Fv2%2Fcomments&post=46930"}],"version-history":[{"count":1,"href":"https:\/\/panoramadelsur.com.ar\/index.php?rest_route=\/wp\/v2\/posts\/46930\/revisions"}],"predecessor-version":[{"id":46932,"href":"https:\/\/panoramadelsur.com.ar\/index.php?rest_route=\/wp\/v2\/posts\/46930\/revisions\/46932"}],"wp:featuredmedia":[{"embeddable":true,"href":"https:\/\/panoramadelsur.com.ar\/index.php?rest_route=\/wp\/v2\/media\/39574"}],"wp:attachment":[{"href":"https:\/\/panoramadelsur.com.ar\/index.php?rest_route=%2Fwp%2Fv2%2Fmedia&parent=46930"}],"wp:term":[{"taxonomy":"category","embeddable":true,"href":"https:\/\/panoramadelsur.com.ar\/index.php?rest_route=%2Fwp%2Fv2%2Fcategories&post=46930"},{"taxonomy":"post_tag","embeddable":true,"href":"https:\/\/panoramadelsur.com.ar\/index.php?rest_route=%2Fwp%2Fv2%2Ftags&post=46930"}],"curies":[{"name":"wp","href":"https:\/\/api.w.org\/{rel}","templated":true}]}}