{"id":46936,"date":"2023-11-10T01:02:00","date_gmt":"2023-11-10T04:02:00","guid":{"rendered":"https:\/\/panoramadelsur.com.ar\/?p=46936"},"modified":"2023-11-07T22:14:17","modified_gmt":"2023-11-08T01:14:17","slug":"el-tren-museo-itinerante-llega-este-fin-de-semana-a-la-localidad-de-lobos","status":"publish","type":"post","link":"https:\/\/panoramadelsur.com.ar\/?p=46936","title":{"rendered":"EL TREN MUSEO ITINERANTE LLEGA ESTE FIN DE SEMANA A LA LOCALIDAD DE LOBOS"},"content":{"rendered":"\n<p>El Tren Museo Itinerante llega este fin de semana a la localidad bonaerense de Lobos, con una propuesta de entrada libre y gratuita, y un recorrido que combina historia y cultura de nuestros ferrocarriles con entretenimientos pensados para todas las edades.<\/p>\n\n\n\n<p>Luego de su estad\u00eda en Mariano Acosta, donde fue visitado por m\u00e1s de 3.500 personas, el Tren Museo Itinerante, que celebr\u00f3 en agosto de este a\u00f1o su segundo aniversario, lleva ya recorridos m\u00e1s de 8.700 kil\u00f3metros de v\u00edas, a trav\u00e9s de los cuales ha visitado m\u00e1s de 62 destinos en cinco provincias (Buenos Aires, C\u00f3rdoba, La Pampa, Santa Fe y Santiago del Estero). En este periplo, el museo ya ha sido visitado por m\u00e1s de 200 mil personas.<\/p>\n\n\n\n<p>Con entrada libre y gratuita, se podr\u00e1 visitar desde este viernes y hasta el domingo de 10 a 13 y de 14 a 18. Adem\u00e1s, para acceder a las funciones que se brindan se necesita inscripci\u00f3n previa en reservascine@decahf.gob.ar.<\/p>\n\n\n\n<p>Antes de su inauguraci\u00f3n, en agosto de 2021, la formaci\u00f3n fue sometida a un exhaustivo proceso de restauraci\u00f3n integral en el Taller Jun\u00edn Ministro Mario Meoni, tambi\u00e9n a cargo de la empresa estatal ferroviaria que conduce Dami\u00e1n Contreras.<\/p>\n\n\n\n<p>Entre los vagones restaurados, se destaca el coche presidencial que fuera utilizado por Juan Pablo II, el coche Sal\u00f3n Bar y el coche Cine, mientras que en el coche CT 1.517 Materfer se exhiben las piezas m\u00e1s destacadas del acervo de Museo Nacional Ferroviario.<\/p>\n\n\n\n<p>Como complemento, se exhiben tambi\u00e9n muestras a cargo del Ministerio de Ambiente y Desarrollo Sostenible, Radio y Televisi\u00f3n Argentina, y el Gobierno de la provincia de Buenos Aires, a trav\u00e9s del Instituto Cultural y el Ministerio de Producci\u00f3n, Ciencia e Innovaci\u00f3n Tecnol\u00f3gica.<\/p>\n\n\n\n<p>Participan, adem\u00e1s, los trenes tur\u00edsticos m\u00e1s emblem\u00e1ticos de nuestro pa\u00eds, como el Tren a las Nubes, el Tren Patag\u00f3nico y el Viejo Expreso Patag\u00f3nico (La Trochita).<\/p>\n\n\n\n<p>Dise\u00f1ado y construido por Hitachi en Jap\u00f3n, en 1962, el Coche Cine PAC 606 fue concebido inicialmente como coche pullman con 52 asientos -reclinables y giratorios-, aire acondicionado, sanitarios, espacio guardaequipajes y sector para el camarero.<\/p>\n\n\n\n<p>Hacia 1968, Ferrocarriles Argentinos incluy\u00f3 este coche -una vez modificado al tipo cine- a la flamante formaci\u00f3n del Tren Los Arrayanes, que un\u00eda Plaza Constituci\u00f3n y San Carlos de Bariloche.<\/p>\n\n\n\n<p>En 1969 se rodaron en \u00e9l las primeras escenas de la pel\u00edcula \u00abEl Profesor Patag\u00f3nico\u00bb, con el reconocido actor Luis Sandrini como figura principal.<\/p>\n\n\n\n<p>En este ambiente, totalmente renovado con imagen y sonido de \u00faltima generaci\u00f3n, los visitantes del Tren Museo Itinerante pueden disfrutar, a trav\u00e9s del Instituto Nacional de Cine y Artes Audiovisuales (Incaa), de pel\u00edculas argentinas como \u00abEsperando la carroza\u00bb, \u00abSue\u00f1o Florian\u00f3polis\u00bb, \u00abRelatos salvajes\u00bb y \u00abYo, adolescente\u00bb. <\/p>\n","protected":false},"excerpt":{"rendered":"<p>El Tren<\/p>\n","protected":false},"author":1,"featured_media":39574,"comment_status":"closed","ping_status":"closed","sticky":false,"template":"","format":"standard","meta":{"footnotes":""},"categories":[8,5],"tags":[28,27],"class_list":["post-46936","post","type-post","status-publish","format-standard","has-post-thumbnail","hentry","category-para-agendar","category-provincia","tag-gba","tag-provincia"],"_links":{"self":[{"href":"https:\/\/panoramadelsur.com.ar\/index.php?rest_route=\/wp\/v2\/posts\/46936","targetHints":{"allow":["GET"]}}],"collection":[{"href":"https:\/\/panoramadelsur.com.ar\/index.php?rest_route=\/wp\/v2\/posts"}],"about":[{"href":"https:\/\/panoramadelsur.com.ar\/index.php?rest_route=\/wp\/v2\/types\/post"}],"author":[{"embeddable":true,"href":"https:\/\/panoramadelsur.com.ar\/index.php?rest_route=\/wp\/v2\/users\/1"}],"replies":[{"embeddable":true,"href":"https:\/\/panoramadelsur.com.ar\/index.php?rest_route=%2Fwp%2Fv2%2Fcomments&post=46936"}],"version-history":[{"count":1,"href":"https:\/\/panoramadelsur.com.ar\/index.php?rest_route=\/wp\/v2\/posts\/46936\/revisions"}],"predecessor-version":[{"id":46938,"href":"https:\/\/panoramadelsur.com.ar\/index.php?rest_route=\/wp\/v2\/posts\/46936\/revisions\/46938"}],"wp:featuredmedia":[{"embeddable":true,"href":"https:\/\/panoramadelsur.com.ar\/index.php?rest_route=\/wp\/v2\/media\/39574"}],"wp:attachment":[{"href":"https:\/\/panoramadelsur.com.ar\/index.php?rest_route=%2Fwp%2Fv2%2Fmedia&parent=46936"}],"wp:term":[{"taxonomy":"category","embeddable":true,"href":"https:\/\/panoramadelsur.com.ar\/index.php?rest_route=%2Fwp%2Fv2%2Fcategories&post=46936"},{"taxonomy":"post_tag","embeddable":true,"href":"https:\/\/panoramadelsur.com.ar\/index.php?rest_route=%2Fwp%2Fv2%2Ftags&post=46936"}],"curies":[{"name":"wp","href":"https:\/\/api.w.org\/{rel}","templated":true}]}}