{"id":46964,"date":"2023-11-09T01:07:00","date_gmt":"2023-11-09T04:07:00","guid":{"rendered":"https:\/\/panoramadelsur.com.ar\/?p=46964"},"modified":"2023-11-08T16:23:46","modified_gmt":"2023-11-08T19:23:46","slug":"frontball-la-varelense-micaela-cortez-medallista-en-los-juegos-panamericanos-de-chile","status":"publish","type":"post","link":"https:\/\/panoramadelsur.com.ar\/?p=46964","title":{"rendered":"FRONTBALL: LA VARELENSE MICAELA C\u00d3RTEZ, MEDALLISTA EN LOS JUEGOS PANAMERICANOS DE CHILE"},"content":{"rendered":"\n<p>La atleta residente en barrio El Parque logr\u00f3 la presea de bronce tras superar a la cubana Yalieska Leoncio por 2-1 en el torneo m\u00e1s importante del continente, desarrollado en la ciudad de Santiago del pa\u00eds lim\u00edtrofe.<\/p>\n\n\n\n<p>\u201cMe hab\u00eda propuesto tres objetivos: disfrutar la experiencia, dar lo mejor y llegar al podio. Cuando alc\u00e9 la medalla no pod\u00eda creerlo\u201d, evoc\u00f3 la deportista de 32 a\u00f1os.<\/p>\n\n\n\n<p>Alcanzar este nivel no fue un camino f\u00e1cil. \u201cPracticamos muy duro con mi entrenador y compa\u00f1eros\u201d, repas\u00f3. Su preparaci\u00f3n incluy\u00f3 jornadas en el Centro Nacional de Alto Rendimiento Deportivo -CeNARD- como tambi\u00e9n \u201cen un front\u00f3n al lado de casa\u201d.<\/p>\n\n\n\n<p>C\u00f3rtez defini\u00f3: \u201cUn orgullo representar a la Argentina y en especial a Florencio Varela, lugar donde me radiqu\u00e9 con mi familia a los 4 a\u00f1os\u201d.<\/p>\n\n\n\n<p>Para cerrar, reflexion\u00f3 sobre \u201cel r\u00e1pido crecimiento de la disciplina durante el \u00faltimo tiempo\u201d, la cual anhel\u00f3 \u201cfuera declarada ol\u00edmpica pronto\u201d.<\/p>\n","protected":false},"excerpt":{"rendered":"<p>La atleta<\/p>\n","protected":false},"author":1,"featured_media":39574,"comment_status":"closed","ping_status":"closed","sticky":false,"template":"","format":"standard","meta":{"footnotes":""},"categories":[6],"tags":[30],"class_list":["post-46964","post","type-post","status-publish","format-standard","has-post-thumbnail","hentry","category-deportes","tag-varela"],"_links":{"self":[{"href":"https:\/\/panoramadelsur.com.ar\/index.php?rest_route=\/wp\/v2\/posts\/46964","targetHints":{"allow":["GET"]}}],"collection":[{"href":"https:\/\/panoramadelsur.com.ar\/index.php?rest_route=\/wp\/v2\/posts"}],"about":[{"href":"https:\/\/panoramadelsur.com.ar\/index.php?rest_route=\/wp\/v2\/types\/post"}],"author":[{"embeddable":true,"href":"https:\/\/panoramadelsur.com.ar\/index.php?rest_route=\/wp\/v2\/users\/1"}],"replies":[{"embeddable":true,"href":"https:\/\/panoramadelsur.com.ar\/index.php?rest_route=%2Fwp%2Fv2%2Fcomments&post=46964"}],"version-history":[{"count":1,"href":"https:\/\/panoramadelsur.com.ar\/index.php?rest_route=\/wp\/v2\/posts\/46964\/revisions"}],"predecessor-version":[{"id":46966,"href":"https:\/\/panoramadelsur.com.ar\/index.php?rest_route=\/wp\/v2\/posts\/46964\/revisions\/46966"}],"wp:featuredmedia":[{"embeddable":true,"href":"https:\/\/panoramadelsur.com.ar\/index.php?rest_route=\/wp\/v2\/media\/39574"}],"wp:attachment":[{"href":"https:\/\/panoramadelsur.com.ar\/index.php?rest_route=%2Fwp%2Fv2%2Fmedia&parent=46964"}],"wp:term":[{"taxonomy":"category","embeddable":true,"href":"https:\/\/panoramadelsur.com.ar\/index.php?rest_route=%2Fwp%2Fv2%2Fcategories&post=46964"},{"taxonomy":"post_tag","embeddable":true,"href":"https:\/\/panoramadelsur.com.ar\/index.php?rest_route=%2Fwp%2Fv2%2Ftags&post=46964"}],"curies":[{"name":"wp","href":"https:\/\/api.w.org\/{rel}","templated":true}]}}