{"id":46967,"date":"2023-11-10T01:03:00","date_gmt":"2023-11-10T04:03:00","guid":{"rendered":"https:\/\/panoramadelsur.com.ar\/?p=46967"},"modified":"2023-11-08T01:50:23","modified_gmt":"2023-11-08T04:50:23","slug":"colectivo-carpani-en-la-muestra-mensual-de-arte","status":"publish","type":"post","link":"https:\/\/panoramadelsur.com.ar\/?p=46967","title":{"rendered":"COLECTIVO CARPANI EN LA MUESTRA MENSUAL DE ARTE"},"content":{"rendered":"\n<p>La Comuna de Florencio Varela invita, este s\u00e1bado 11 de noviembre a las 17 hs. en el museo local -25 de Mayo y Chacabuco-, a la apertura de la exhibici\u00f3n \u201cUna est\u00e9tica de la resistencia\u201d con los 40 a\u00f1os de democracia como contexto.&nbsp;<\/p>\n\n\n\n<p>\u201cEn la propuesta, presentar\u00e1n distintas obras plasmadas en dibujo, pintura, grabado, publicaciones\u201d, detalla el subdirector de Artes Visuales -Mauro Prado-. Adem\u00e1s, anticipa \u201cla instalaci\u00f3n de una mesa de est\u00e9ncil donde repartir estampas a los y las asistentes\u201d.<\/p>\n\n\n\n<p>Como coordinador de la actividad e integrante del colectivo -Diego Candia- valora \u201cconformar un circuito de exposiciones donde hay un reconocimiento hacia quienes trabajamos en este \u00e1mbito\u201d.<\/p>\n\n\n\n<p>Otro de sus miembros -Mauricio Nizzero- repasa los inicios de la agrupaci\u00f3n \u201cRicardo Carpani\u201d. \u201cEn 2019, nace como un laboratorio de acci\u00f3n, ense\u00f1anza y pr\u00e1ctica para convertirse en un ejemplo de muralismo y gr\u00e1fica urbana con compromiso pol\u00edtico\u201d, evoca.<\/p>\n\n\n\n<p>Interesados e interesadas en visitar la exposici\u00f3n tendr\u00e1n tiempo hasta el 7 de diciembre de lunes a viernes de 9 a 16 hs.<\/p>\n","protected":false},"excerpt":{"rendered":"<p>La Comuna<\/p>\n","protected":false},"author":1,"featured_media":39574,"comment_status":"closed","ping_status":"closed","sticky":false,"template":"","format":"standard","meta":{"footnotes":""},"categories":[8,3],"tags":[30],"class_list":["post-46967","post","type-post","status-publish","format-standard","has-post-thumbnail","hentry","category-para-agendar","category-regionales","tag-varela"],"_links":{"self":[{"href":"https:\/\/panoramadelsur.com.ar\/index.php?rest_route=\/wp\/v2\/posts\/46967","targetHints":{"allow":["GET"]}}],"collection":[{"href":"https:\/\/panoramadelsur.com.ar\/index.php?rest_route=\/wp\/v2\/posts"}],"about":[{"href":"https:\/\/panoramadelsur.com.ar\/index.php?rest_route=\/wp\/v2\/types\/post"}],"author":[{"embeddable":true,"href":"https:\/\/panoramadelsur.com.ar\/index.php?rest_route=\/wp\/v2\/users\/1"}],"replies":[{"embeddable":true,"href":"https:\/\/panoramadelsur.com.ar\/index.php?rest_route=%2Fwp%2Fv2%2Fcomments&post=46967"}],"version-history":[{"count":1,"href":"https:\/\/panoramadelsur.com.ar\/index.php?rest_route=\/wp\/v2\/posts\/46967\/revisions"}],"predecessor-version":[{"id":46969,"href":"https:\/\/panoramadelsur.com.ar\/index.php?rest_route=\/wp\/v2\/posts\/46967\/revisions\/46969"}],"wp:featuredmedia":[{"embeddable":true,"href":"https:\/\/panoramadelsur.com.ar\/index.php?rest_route=\/wp\/v2\/media\/39574"}],"wp:attachment":[{"href":"https:\/\/panoramadelsur.com.ar\/index.php?rest_route=%2Fwp%2Fv2%2Fmedia&parent=46967"}],"wp:term":[{"taxonomy":"category","embeddable":true,"href":"https:\/\/panoramadelsur.com.ar\/index.php?rest_route=%2Fwp%2Fv2%2Fcategories&post=46967"},{"taxonomy":"post_tag","embeddable":true,"href":"https:\/\/panoramadelsur.com.ar\/index.php?rest_route=%2Fwp%2Fv2%2Ftags&post=46967"}],"curies":[{"name":"wp","href":"https:\/\/api.w.org\/{rel}","templated":true}]}}