{"id":46975,"date":"2023-11-09T01:08:00","date_gmt":"2023-11-09T04:08:00","guid":{"rendered":"https:\/\/panoramadelsur.com.ar\/?p=46975"},"modified":"2023-11-08T14:58:42","modified_gmt":"2023-11-08T17:58:42","slug":"se-extendio-el-plazo-de-inscripcion-para-creditos-buenos-aires-crea-para-refaccion-de-viviendas","status":"publish","type":"post","link":"https:\/\/panoramadelsur.com.ar\/?p=46975","title":{"rendered":"SE EXTENDI\u00d3 EL PLAZO DE INSCRIPCI\u00d3N PARA CR\u00c9DITOS BUENOS AIRES CREA PARA REFACCI\u00d3N DE VIVIENDAS"},"content":{"rendered":"\n<p>El Ministerio de H\u00e1bitat y Desarrollo Urbano bonaerense extendi\u00f3 hasta el 21 de noviembre el plazo de inscripci\u00f3n para el programa de cr\u00e9ditos Buenos Aires CREA, destinados a la refacci\u00f3n y ampliaci\u00f3n de viviendas.<\/p>\n\n\n\n<p>Se trata de la sexta convocatoria lanzada por el Gobierno provincial para familias de los 135 distritos bonaerenses, que deseen acceder a las distintas l\u00edneas de pr\u00e9stamos impulsada por la cartera que conduce el ministro Agust\u00edn Simone.<\/p>\n\n\n\n<p>Inicialmente, la fecha l\u00edmite para anotarse era el martes 7.<\/p>\n\n\n\n<p>Debido a la cantidad de consultas, se decidi\u00f3 prorrogar el plazo por quince d\u00edas, por lo que las familias interesadas contar\u00e1n con m\u00e1s tiempo para inscribirse, a trav\u00e9s de la p\u00e1gina web https:\/\/buenosairescrea.gba.gob.ar.<\/p>\n\n\n\n<p>El programa Buenos Aires CREA cuenta con tres l\u00edneas de financiamiento: la primera, de refacciones menores, por un monto m\u00e1ximo de 1.560 UVIs, que al mes de noviembre equivalen a $530.478 pesos; una segunda, para refacciones mayores, equivalente a 3.120 UVIs, que corresponden a $1.060.956 pesos; y una tercera, para ampliaci\u00f3n, con un m\u00e1ximo de 6.240 UVIs, que equivalen a $2.121.912 pesos.<\/p>\n\n\n\n<p>\u201cBuenos Aires CREA es un programa muy accesible para las familias trabajadoras de nuestra provincia y fue pensado para dar respuestas concretas a las necesidades de cada propietario, al momento de mejorar o ampliar su vivienda\u201d, destac\u00f3 el ministro Simone.<\/p>\n\n\n\n<p>Con respecto a las condiciones de acceso a los cr\u00e9ditos, el plazo de devoluci\u00f3n es de 3 a 6 a\u00f1os y se estipula un per\u00edodo de entre 6 a 12 meses para comenzar a pagar las cuotas, de acuerdo a la l\u00ednea de financiamiento elegida.<\/p>\n\n\n\n<p>La cuota se actualizar\u00e1 a trav\u00e9s de la f\u00f3rmula HogarBA, un coeficiente que garantiza que el monto a pagar no supere el aumento promedio de los salarios.<\/p>\n\n\n\n<p>Por otro lado, el programa define grupos prioritarios para la adjudicaci\u00f3n, como familias numerosas o integradas por personas con discapacidad; hogares monoparentales con ni\u00f1os, ni\u00f1as y adolescentes; hogares en barrios con situaci\u00f3n de vulnerabilidad social o ambiental; personas en situaci\u00f3n de violencia de g\u00e9nero y personas trans.<\/p>\n\n\n\n<p>Los requisitos para la inscripci\u00f3n son poseer DNI argentino y residir en la Provincia de Buenos Aires al menos 2 a\u00f1os; tener entre 18 a 70 a\u00f1os al momento de la inscripci\u00f3n; habitar el hogar donde se realizar\u00e1 la obra.<\/p>\n\n\n\n<p>Adem\u00e1s, ser propietaria\/o, inquilina\/o o habitar una casa en pr\u00e9stamo; acreditar ingresos por un monto de entre 1 a 5 salarios m\u00ednimos; en caso de no poder acreditar ingresos, presentar una declaraci\u00f3n jurada que demuestre consumos a trav\u00e9s de los res\u00famenes pagos de la tarjeta de cr\u00e9dito del \u00faltimo a\u00f1o.<\/p>\n\n\n\n<p>S\u00f3lo se podr\u00e1 completar una solicitud por grupo familiar, pudiendo sumarse los ingresos de hasta dos integrantes.<\/p>\n","protected":false},"excerpt":{"rendered":"<p>El Ministerio<\/p>\n","protected":false},"author":1,"featured_media":39574,"comment_status":"closed","ping_status":"closed","sticky":false,"template":"","format":"standard","meta":{"footnotes":""},"categories":[5],"tags":[28,27],"class_list":["post-46975","post","type-post","status-publish","format-standard","has-post-thumbnail","hentry","category-provincia","tag-gba","tag-provincia"],"_links":{"self":[{"href":"https:\/\/panoramadelsur.com.ar\/index.php?rest_route=\/wp\/v2\/posts\/46975","targetHints":{"allow":["GET"]}}],"collection":[{"href":"https:\/\/panoramadelsur.com.ar\/index.php?rest_route=\/wp\/v2\/posts"}],"about":[{"href":"https:\/\/panoramadelsur.com.ar\/index.php?rest_route=\/wp\/v2\/types\/post"}],"author":[{"embeddable":true,"href":"https:\/\/panoramadelsur.com.ar\/index.php?rest_route=\/wp\/v2\/users\/1"}],"replies":[{"embeddable":true,"href":"https:\/\/panoramadelsur.com.ar\/index.php?rest_route=%2Fwp%2Fv2%2Fcomments&post=46975"}],"version-history":[{"count":1,"href":"https:\/\/panoramadelsur.com.ar\/index.php?rest_route=\/wp\/v2\/posts\/46975\/revisions"}],"predecessor-version":[{"id":46977,"href":"https:\/\/panoramadelsur.com.ar\/index.php?rest_route=\/wp\/v2\/posts\/46975\/revisions\/46977"}],"wp:featuredmedia":[{"embeddable":true,"href":"https:\/\/panoramadelsur.com.ar\/index.php?rest_route=\/wp\/v2\/media\/39574"}],"wp:attachment":[{"href":"https:\/\/panoramadelsur.com.ar\/index.php?rest_route=%2Fwp%2Fv2%2Fmedia&parent=46975"}],"wp:term":[{"taxonomy":"category","embeddable":true,"href":"https:\/\/panoramadelsur.com.ar\/index.php?rest_route=%2Fwp%2Fv2%2Fcategories&post=46975"},{"taxonomy":"post_tag","embeddable":true,"href":"https:\/\/panoramadelsur.com.ar\/index.php?rest_route=%2Fwp%2Fv2%2Ftags&post=46975"}],"curies":[{"name":"wp","href":"https:\/\/api.w.org\/{rel}","templated":true}]}}