{"id":46981,"date":"2023-11-09T01:05:00","date_gmt":"2023-11-09T04:05:00","guid":{"rendered":"https:\/\/panoramadelsur.com.ar\/?p=46981"},"modified":"2023-11-08T15:52:24","modified_gmt":"2023-11-08T18:52:24","slug":"hernan-crespo-sera-el-nuevo-entrenador-de-al-ain-de-emiratos-arabes","status":"publish","type":"post","link":"https:\/\/panoramadelsur.com.ar\/?p=46981","title":{"rendered":"HERN\u00c1N CRESPO SER\u00c1 EL NUEVO ENTRENADOR DE AL AIN DE EMIRATOS \u00c1RABES"},"content":{"rendered":"\n<p>El argentino Hern\u00e1n Crespo alcanz\u00f3 un preacuerdo para convertirse en el nuevo entrenador de Al Ain de Emiratos \u00c1rabes Unidos.<\/p>\n\n\n\n<p>La cuenta oficial del club inform\u00f3 que esperan por el arribo de Crespo al pa\u00eds para oficializarlo como el reemplazante del neerland\u00e9s Alfred Schreuder.<\/p>\n\n\n\n<p>Crespo, de 48 a\u00f1os, tendr\u00e1 una nueva experiencia en Medio Oriente luego de su paso por Al Duhail, de Qatar, entre marzo de 2022 y octubre de este a\u00f1o.<\/p>\n\n\n\n<p>Al Ain, donde juega el argentino Mat\u00edas Palacios (ex San Lorenzo) y el ex Hurac\u00e1n nacionalizado paraguayo, Alejandro Romero Gamarra, fue el equipo que elimin\u00f3 por penales a River Plate en la semifinal del Mundial de Clubes 2018.<\/p>\n","protected":false},"excerpt":{"rendered":"<p>El argentino<\/p>\n","protected":false},"author":1,"featured_media":39574,"comment_status":"closed","ping_status":"closed","sticky":false,"template":"","format":"standard","meta":{"footnotes":""},"categories":[6],"tags":[22],"class_list":["post-46981","post","type-post","status-publish","format-standard","has-post-thumbnail","hentry","category-deportes","tag-futbol"],"_links":{"self":[{"href":"https:\/\/panoramadelsur.com.ar\/index.php?rest_route=\/wp\/v2\/posts\/46981","targetHints":{"allow":["GET"]}}],"collection":[{"href":"https:\/\/panoramadelsur.com.ar\/index.php?rest_route=\/wp\/v2\/posts"}],"about":[{"href":"https:\/\/panoramadelsur.com.ar\/index.php?rest_route=\/wp\/v2\/types\/post"}],"author":[{"embeddable":true,"href":"https:\/\/panoramadelsur.com.ar\/index.php?rest_route=\/wp\/v2\/users\/1"}],"replies":[{"embeddable":true,"href":"https:\/\/panoramadelsur.com.ar\/index.php?rest_route=%2Fwp%2Fv2%2Fcomments&post=46981"}],"version-history":[{"count":1,"href":"https:\/\/panoramadelsur.com.ar\/index.php?rest_route=\/wp\/v2\/posts\/46981\/revisions"}],"predecessor-version":[{"id":46983,"href":"https:\/\/panoramadelsur.com.ar\/index.php?rest_route=\/wp\/v2\/posts\/46981\/revisions\/46983"}],"wp:featuredmedia":[{"embeddable":true,"href":"https:\/\/panoramadelsur.com.ar\/index.php?rest_route=\/wp\/v2\/media\/39574"}],"wp:attachment":[{"href":"https:\/\/panoramadelsur.com.ar\/index.php?rest_route=%2Fwp%2Fv2%2Fmedia&parent=46981"}],"wp:term":[{"taxonomy":"category","embeddable":true,"href":"https:\/\/panoramadelsur.com.ar\/index.php?rest_route=%2Fwp%2Fv2%2Fcategories&post=46981"},{"taxonomy":"post_tag","embeddable":true,"href":"https:\/\/panoramadelsur.com.ar\/index.php?rest_route=%2Fwp%2Fv2%2Ftags&post=46981"}],"curies":[{"name":"wp","href":"https:\/\/api.w.org\/{rel}","templated":true}]}}