{"id":46987,"date":"2023-11-09T01:06:00","date_gmt":"2023-11-09T04:06:00","guid":{"rendered":"https:\/\/panoramadelsur.com.ar\/?p=46987"},"modified":"2023-11-08T16:08:49","modified_gmt":"2023-11-08T19:08:49","slug":"alak-y-garro-se-reunieron-para-coordinar-la-transicion-en-la-plata","status":"publish","type":"post","link":"https:\/\/panoramadelsur.com.ar\/?p=46987","title":{"rendered":"ALAK Y GARRO SE REUNIERON PARA COORDINAR LA TRANSICI\u00d3N EN LA PLATA"},"content":{"rendered":"\n<p>El intendente electo de La Plata y actual ministro de Justicia y Derechos Humanos bonaerense, Julio Alak (Uni\u00f3n por la Patria), se reuni\u00f3 en dependencias municipales con el jefe comunal de la capital provincial, Julio Garro (Juntos por el Cambio), para comenzar el proceso de transici\u00f3n que culminar\u00e1 el 10 de diciembre cuando asuma por quinta vez la jefatura comunal de la ciudad.<\/p>\n\n\n\n<p>\u201cNos reunimos con Julio Garro para iniciar la transici\u00f3n entre el actual gobierno municipal y el futuro, y coordinamos que el viernes se reunir\u00e1n los respectivos equipos t\u00e9cnicos\u201d, explic\u00f3 Alak tras el encuentro, se inform\u00f3 en un comunicado de prensa.<\/p>\n\n\n\n<p>\u201cVamos a hacer un diagn\u00f3stico de la situaci\u00f3n econ\u00f3mica, financiera y legal de la administraci\u00f3n municipal; y adem\u00e1s acordamos que no dicte resoluciones administrativas que afecten y comprometan la futura gesti\u00f3n\u201d, dijo el jefe comunal electo.<\/p>\n\n\n\n<p>En tanto, Garro poste\u00f3 en sus redes sociales: \u00abRecib\u00ed en la casa de todos los platenses a Julio Alak y acordamos garantizar una transici\u00f3n ordenada y transparente. Es fundamental mantener el di\u00e1logo entre las partes para seguir construyendo el futuro de la ciudad\u00bb.<\/p>\n\n\n\n<p>\u00abHace 8 a\u00f1os iniciamos un camino para devolverle a los platenses esa ciudad moderna, pensada y planificada que se hab\u00eda so\u00f1ado en su fundaci\u00f3n. Construimos una administraci\u00f3n ordenada, con desarrollo y con inversi\u00f3n, con el deseo de que ese crecimiento que comenz\u00f3 en 2015 se mantenga m\u00e1s all\u00e1 de los gobiernos\u00bb, indic\u00f3 el jefe comunal.<\/p>\n\n\n\n<p>En tanto, explic\u00f3 que resolvi\u00f3 \u00abno dictar resoluciones administrativas que afecten o comprometan la futura gesti\u00f3n\u00bb y adelant\u00f3 que coordin\u00f3 con Alak que \u00abdesde este viernes\u00bb sus \u00abequipos comiencen a compartir informaci\u00f3n sobre todo lo realizado por cada una de las \u00e1reas, los proyectos iniciados y los que necesitan tener continuidad por el bien de los platenses\u00bb.<\/p>\n\n\n\n<p>Alak -que ya fue jefe comunal de la capital bonaerense en cuatro per\u00edodos, adem\u00e1s de ministro de Justicia nacional y presidente de Aerol\u00edneas Argentinas- ser\u00e1 desde el 10 de diciembre el nuevo intendente de La Plata al haberse impuesto por 606 votos sobre Garro en las \u00faltimas elecciones. <\/p>\n","protected":false},"excerpt":{"rendered":"<p>El intendente<\/p>\n","protected":false},"author":1,"featured_media":39574,"comment_status":"closed","ping_status":"closed","sticky":false,"template":"","format":"standard","meta":{"footnotes":""},"categories":[5],"tags":[28,27],"class_list":["post-46987","post","type-post","status-publish","format-standard","has-post-thumbnail","hentry","category-provincia","tag-gba","tag-provincia"],"_links":{"self":[{"href":"https:\/\/panoramadelsur.com.ar\/index.php?rest_route=\/wp\/v2\/posts\/46987","targetHints":{"allow":["GET"]}}],"collection":[{"href":"https:\/\/panoramadelsur.com.ar\/index.php?rest_route=\/wp\/v2\/posts"}],"about":[{"href":"https:\/\/panoramadelsur.com.ar\/index.php?rest_route=\/wp\/v2\/types\/post"}],"author":[{"embeddable":true,"href":"https:\/\/panoramadelsur.com.ar\/index.php?rest_route=\/wp\/v2\/users\/1"}],"replies":[{"embeddable":true,"href":"https:\/\/panoramadelsur.com.ar\/index.php?rest_route=%2Fwp%2Fv2%2Fcomments&post=46987"}],"version-history":[{"count":1,"href":"https:\/\/panoramadelsur.com.ar\/index.php?rest_route=\/wp\/v2\/posts\/46987\/revisions"}],"predecessor-version":[{"id":46989,"href":"https:\/\/panoramadelsur.com.ar\/index.php?rest_route=\/wp\/v2\/posts\/46987\/revisions\/46989"}],"wp:featuredmedia":[{"embeddable":true,"href":"https:\/\/panoramadelsur.com.ar\/index.php?rest_route=\/wp\/v2\/media\/39574"}],"wp:attachment":[{"href":"https:\/\/panoramadelsur.com.ar\/index.php?rest_route=%2Fwp%2Fv2%2Fmedia&parent=46987"}],"wp:term":[{"taxonomy":"category","embeddable":true,"href":"https:\/\/panoramadelsur.com.ar\/index.php?rest_route=%2Fwp%2Fv2%2Fcategories&post=46987"},{"taxonomy":"post_tag","embeddable":true,"href":"https:\/\/panoramadelsur.com.ar\/index.php?rest_route=%2Fwp%2Fv2%2Ftags&post=46987"}],"curies":[{"name":"wp","href":"https:\/\/api.w.org\/{rel}","templated":true}]}}