{"id":46997,"date":"2023-11-09T01:06:00","date_gmt":"2023-11-09T04:06:00","guid":{"rendered":"https:\/\/panoramadelsur.com.ar\/?p=46997"},"modified":"2023-11-08T16:49:15","modified_gmt":"2023-11-08T19:49:15","slug":"madelon-hara-dos-cambios-en-gimnasia-para-recibir-este-viernes-a-atletico-tucuman","status":"publish","type":"post","link":"https:\/\/panoramadelsur.com.ar\/?p=46997","title":{"rendered":"MADEL\u00d3N HAR\u00c1 DOS CAMBIOS EN GIMNASIA PARA RECIBIR ESTE VIERNES A ATL\u00c9TICO TUCUM\u00c1N"},"content":{"rendered":"\n<p>El plantel de Gimnasia realiz\u00f3 ayer una pr\u00e1ctica de f\u00fatbol en el estadio de 60 y 118, y si bien no hay confirmaciones el DT Leonardo Madel\u00f3n realizar\u00e1 dos variantes para recibir el viernes por la noche a Atl\u00e9tico Tucum\u00e1n, y ser\u00e1n los ingresos de Luciano G\u00f3mez y Benjam\u00edn Dom\u00ednguez.<\/p>\n\n\n\n<p>El ingreso de G\u00f3mez ser\u00e1 obligado en el lateral derecho por la lesi\u00f3n muscular de Guillermo Enrique, mientras que la otra variante es t\u00e1ctica.<\/p>\n\n\n\n<p>Germ\u00e1n Guiffrey no se recuper\u00f3 de su distensi\u00f3n y Madel\u00f3n opt\u00f3 por un cambio m\u00e1s ofensivo, donde Nicol\u00e1s Colazo bajar\u00e1 a la posici\u00f3n de lateral izquierdo y Dom\u00ednguez se sumar\u00e1 a la zona del mediocampo, mientras que Rodrigo Gallo dejar\u00e1 la titularidad.<\/p>\n\n\n\n<p>De confirmarse su ingreso, el juvenil Dom\u00ednguez, de 20 a\u00f1os, retornar\u00e1 a la titularidad luego de cinco partidos, en donde ocup\u00f3 un lugar en el banco de los suplentes. Su \u00faltima participaci\u00f3n en el once inicial fue en el cl\u00e1sico frente a Estudiantes.<\/p>\n\n\n\n<p>Si bien Madel\u00f3n har\u00e1 un nuevo ensayo este jueves, previo a la concentraci\u00f3n del equipo, los titulares ser\u00edan Tom\u00e1s Durso; Luciano G\u00f3mez, Leonardo Morales, Yonathan Cabral y Nicol\u00e1s Colazo; Mat\u00edas Abaldo, Rodrigo Saravia, Pablo De Blasis y Benjam\u00edn Dom\u00ednguez; Eric Ram\u00edrez y Cristian Tarragona.<\/p>\n\n\n\n<p>Luego de la derrota ante River (2-1) en el Bosque y la igualdad con Arsenal de visitante, Gimnasia buscar\u00e1 regresar a la senda de la victoria para intentar llegar con la permanencia asegurada a la \u00faltima fecha.<\/p>\n\n\n\n<p>Como local -en el ciclo Madel\u00f3n- consigui\u00f3 tres victorias (ante V\u00e9lez, Rosario Central y Argentinos Juniors) y la \u00fanica ca\u00edda fue contra el \u00abmillonario\u00bb, tras haber realizado un muy buen partido e inclusive estar en ventaja en el primer tiempo. <\/p>\n","protected":false},"excerpt":{"rendered":"<p>El plantel<\/p>\n","protected":false},"author":1,"featured_media":39574,"comment_status":"closed","ping_status":"closed","sticky":false,"template":"","format":"standard","meta":{"footnotes":""},"categories":[6],"tags":[],"class_list":["post-46997","post","type-post","status-publish","format-standard","has-post-thumbnail","hentry","category-deportes"],"_links":{"self":[{"href":"https:\/\/panoramadelsur.com.ar\/index.php?rest_route=\/wp\/v2\/posts\/46997","targetHints":{"allow":["GET"]}}],"collection":[{"href":"https:\/\/panoramadelsur.com.ar\/index.php?rest_route=\/wp\/v2\/posts"}],"about":[{"href":"https:\/\/panoramadelsur.com.ar\/index.php?rest_route=\/wp\/v2\/types\/post"}],"author":[{"embeddable":true,"href":"https:\/\/panoramadelsur.com.ar\/index.php?rest_route=\/wp\/v2\/users\/1"}],"replies":[{"embeddable":true,"href":"https:\/\/panoramadelsur.com.ar\/index.php?rest_route=%2Fwp%2Fv2%2Fcomments&post=46997"}],"version-history":[{"count":1,"href":"https:\/\/panoramadelsur.com.ar\/index.php?rest_route=\/wp\/v2\/posts\/46997\/revisions"}],"predecessor-version":[{"id":46999,"href":"https:\/\/panoramadelsur.com.ar\/index.php?rest_route=\/wp\/v2\/posts\/46997\/revisions\/46999"}],"wp:featuredmedia":[{"embeddable":true,"href":"https:\/\/panoramadelsur.com.ar\/index.php?rest_route=\/wp\/v2\/media\/39574"}],"wp:attachment":[{"href":"https:\/\/panoramadelsur.com.ar\/index.php?rest_route=%2Fwp%2Fv2%2Fmedia&parent=46997"}],"wp:term":[{"taxonomy":"category","embeddable":true,"href":"https:\/\/panoramadelsur.com.ar\/index.php?rest_route=%2Fwp%2Fv2%2Fcategories&post=46997"},{"taxonomy":"post_tag","embeddable":true,"href":"https:\/\/panoramadelsur.com.ar\/index.php?rest_route=%2Fwp%2Fv2%2Ftags&post=46997"}],"curies":[{"name":"wp","href":"https:\/\/api.w.org\/{rel}","templated":true}]}}