{"id":47009,"date":"2023-11-13T01:01:00","date_gmt":"2023-11-13T04:01:00","guid":{"rendered":"https:\/\/panoramadelsur.com.ar\/?p=47009"},"modified":"2023-11-08T17:41:04","modified_gmt":"2023-11-08T20:41:04","slug":"mas-del-50-por-ciento-de-las-personas-dice-tener-dificultades-para-encontrar-ropa-de-su-talle","status":"publish","type":"post","link":"https:\/\/panoramadelsur.com.ar\/?p=47009","title":{"rendered":"M\u00c1S DEL 50 POR CIENTO DE LAS PERSONAS DICE TENER DIFICULTADES PARA ENCONTRAR ROPA DE SU TALLE"},"content":{"rendered":"\n<p>A casi cuatro a\u00f1os de la sanci\u00f3n de la Ley de Talles, el 53% de las m\u00e1s de 6 mil personas entrevistadas se\u00f1alaron tener dificultades para encontrar talle \u00absiempre\u00bb y \u00abcasi siempre\u00bb, seg\u00fan los resultados correspondientes a 2022 de la encuesta anual realizada por AnyBody Argentina, una organizaci\u00f3n que se encuentra en diferentes pa\u00edses y que fue una de las impulsoras de la normativa nacional.<\/p>\n\n\n\n<p>La encuesta contempl\u00f3 6.668 respuestas realizadas online a trav\u00e9s de las redes sociales de la organizaci\u00f3n durante los meses de julio, agosto y septiembre de 2022.<\/p>\n\n\n\n<p>El trabajo revel\u00f3 que el \u00ab53% de las personas encuestadas plantea tener dificultades para encontrar talle \u00absiempre\u00bb y \u00abcasi siempre\u00bb; a su vez, el 35% contest\u00f3 que \u00aba veces le cuesta encontrar talle\u00bb.<\/p>\n\n\n\n<p>Otro dato importante es que el 73% de las personas encuestadas expres\u00f3 encontrar ropa que desea en talle \u00fanico \u00absiempre\u00bb y \u00abcasi siempre\u00bb.<\/p>\n\n\n\n<p>\u00abAdem\u00e1s, el 82% afirm\u00f3 tener dificultad para encontrar talle en jeans y pantalones; el 42% reconoce dificultad en la ropa interior y al 41% se le complica en los vestidos\u00bb, informaron.<\/p>\n\n\n\n<p>Del universo que respondi\u00f3 la encuesta, el 85% afirm\u00f3 utilizar ropa &#8216;de mujer&#8217;, mientras que un 11% usa ropa sin g\u00e9nero, y el 4% ropa &#8216;de hombre&#8217;.<\/p>\n\n\n\n<p>En este contexto, el 52% de las personas respondi\u00f3 que usa ropa \u00abde mujer\u00bb se\u00f1al\u00f3 que los talles m\u00e1s dif\u00edciles de encontrar son entre el 46 y el 52; en tanto que en la ropa sin g\u00e9nero el 49% de quienes la usan responde que tuvo mayor dificultad entre los talles 46 y 52, y en 48% de quienes usa ropa \u00abde hombre\u00bb contest\u00f3 que se le dificulta la b\u00fasqueda entre los talles 48 y 54.<\/p>\n\n\n\n<p>En referencia al calzado, el 49% manifest\u00f3 dificultades para encontrar su talle en el calzado (siempre, casi siempre y a veces).<\/p>\n\n\n\n<p>\u00abEl sentimiento m\u00e1s recurrente entre las personas con dificultad para encontrar talles es la &#8216;tristeza porque sus cuerpos no encajan con la ropa que quieren&#8217; (61%). Tambi\u00e9n, el 45% manifestaron &#8216;enojarse consigo por c\u00f3mo est\u00e1 su cuerpo&#8217;. Aunque, el 5% responde que &#8216;se siente indiferente'\u00bb, indic\u00f3 el comunicado.<\/p>\n\n\n\n<p>\u00abEste dato nos parece muy preocupante. Sobre todo en un pa\u00eds donde somos el segundo a nivel mundial con mayor trastornos de la conducta alimentaria despu\u00e9s de Jap\u00f3n\u00bb, indic\u00f3 Mercedes Estruch, presidenta de la Fundaci\u00f3n Anybody Argentina.<\/p>\n\n\n\n<p>Otro dato destacable es que el 59% afirm\u00f3 que su \u00abtalle ideal\u00bb no es el que tiene (\u00abm\u00e1s de 2 talles menos que el que tengo\u00bb, \u00ab2 talles menos que el que tengo\u00bb y \u00ab1 un talle menos que el que tengo\u00bb).<\/p>\n\n\n\n<p>Adem\u00e1s, el 36% respondi\u00f3 que cuando no encuentra ropa de su talle eso le lleva a realizar conductas de riesgo (ponerse a dieta para bajar de peso, abstenerse de comer, tener atracones, vomitar o hacer ejercicio en exceso).<\/p>\n\n\n\n<p>En cuanto a la ropa de poblaci\u00f3n infantil, \u00abel 54% dijo que est\u00e1 se\u00f1alizada por edad, pero el 59% manifiest\u00f3 que no coinciden la edad con el tama\u00f1o de la ropa\u00bb, advirti\u00f3.<\/p>\n\n\n\n<p>Finalmente, el 84% de las personas encuestadas respondi\u00f3 que su primera dieta fue antes de los 20 a\u00f1os y de ese porcentaje, un 59% realiz\u00f3 su primera dieta antes de los 15 a\u00f1os.<\/p>\n\n\n\n<p>El 20 de noviembre del 2019 se aprob\u00f3 la Ley 27.521 de Sistema de Identificaci\u00f3n de Talles de Indumentaria (Suniti), conocida como \u00abLey de Talles\u00bb, que luego se reglament\u00f3 en 2021.<\/p>\n\n\n\n<p>\u00abLo que viene trabando la implementaci\u00f3n de la Ley es la elaboraci\u00f3n de la tabla de talles que es lo que habr\u00eda que presentar a la industria para que adec\u00faen los talles\u00bb, advirti\u00f3 Estruch.<\/p>\n\n\n\n<p>En ese sentido, en las \u00faltimas semanas se realiz\u00f3 una reuni\u00f3n del Consejo T\u00e9cnico Consultivo -establecido por la Ley para la implementaci\u00f3n de la norma &#8211; en la que el INTI (Instituto Nacional de Tecnolog\u00eda Industrial) present\u00f3 los resultados del estudio antropom\u00e9trico que realiz\u00f3 para que los diferentes actores participantes elaboren una propuesta de tabla.<\/p>\n\n\n\n<p>\u00abSi bien no tenemos fecha de pr\u00f3xima reuni\u00f3n reconocemos que este encuentro fue un avance y esperamos pronto poder avanzar con las propuestas; en este camino, desde la organizaci\u00f3n venimos trabajando fuertemente con el Ministerio de Salud y el Inadi en concientizar sobre la importancia del trato digno y las buenas pr\u00e1cticas con perspectiva de diversidad corporal\u00bb, concluy\u00f3 Estruch. <\/p>\n","protected":false},"excerpt":{"rendered":"<p>A casi<\/p>\n","protected":false},"author":1,"featured_media":39574,"comment_status":"closed","ping_status":"closed","sticky":false,"template":"","format":"standard","meta":{"footnotes":""},"categories":[10,4],"tags":[59],"class_list":["post-47009","post","type-post","status-publish","format-standard","has-post-thumbnail","hentry","category-mas-noticias","category-nacionales","tag-nacionales"],"_links":{"self":[{"href":"https:\/\/panoramadelsur.com.ar\/index.php?rest_route=\/wp\/v2\/posts\/47009","targetHints":{"allow":["GET"]}}],"collection":[{"href":"https:\/\/panoramadelsur.com.ar\/index.php?rest_route=\/wp\/v2\/posts"}],"about":[{"href":"https:\/\/panoramadelsur.com.ar\/index.php?rest_route=\/wp\/v2\/types\/post"}],"author":[{"embeddable":true,"href":"https:\/\/panoramadelsur.com.ar\/index.php?rest_route=\/wp\/v2\/users\/1"}],"replies":[{"embeddable":true,"href":"https:\/\/panoramadelsur.com.ar\/index.php?rest_route=%2Fwp%2Fv2%2Fcomments&post=47009"}],"version-history":[{"count":1,"href":"https:\/\/panoramadelsur.com.ar\/index.php?rest_route=\/wp\/v2\/posts\/47009\/revisions"}],"predecessor-version":[{"id":47011,"href":"https:\/\/panoramadelsur.com.ar\/index.php?rest_route=\/wp\/v2\/posts\/47009\/revisions\/47011"}],"wp:featuredmedia":[{"embeddable":true,"href":"https:\/\/panoramadelsur.com.ar\/index.php?rest_route=\/wp\/v2\/media\/39574"}],"wp:attachment":[{"href":"https:\/\/panoramadelsur.com.ar\/index.php?rest_route=%2Fwp%2Fv2%2Fmedia&parent=47009"}],"wp:term":[{"taxonomy":"category","embeddable":true,"href":"https:\/\/panoramadelsur.com.ar\/index.php?rest_route=%2Fwp%2Fv2%2Fcategories&post=47009"},{"taxonomy":"post_tag","embeddable":true,"href":"https:\/\/panoramadelsur.com.ar\/index.php?rest_route=%2Fwp%2Fv2%2Ftags&post=47009"}],"curies":[{"name":"wp","href":"https:\/\/api.w.org\/{rel}","templated":true}]}}