{"id":47109,"date":"2023-11-21T00:02:00","date_gmt":"2023-11-21T03:02:00","guid":{"rendered":"https:\/\/panoramadelsur.com.ar\/?p=47109"},"modified":"2023-11-21T02:55:26","modified_gmt":"2023-11-21T05:55:26","slug":"kicillof-la-mejor-forma-de-fortalecer-nuestra-soberania-es-impulsar-politicas-de-desendeudamiento","status":"publish","type":"post","link":"https:\/\/panoramadelsur.com.ar\/?p=47109","title":{"rendered":"KICILLOF: \u00abLA MEJOR FORMA DE FORTALECER NUESTRA SOBERAN\u00cdA ES IMPULSAR POL\u00cdTICAS DE DESENDEUDAMIENTO\u00bb"},"content":{"rendered":"\n<p>El gobernador bonaerense, Axel Kicillof, afirm\u00f3 que \u00abla mejor forma de fortalecer nuestra soberan\u00eda es impulsar pol\u00edticas de desendeudamiento, desarrollo y ampliaci\u00f3n de derechos\u00bb.<\/p>\n\n\n\n<p>En el D\u00eda de la Soberan\u00eda Nacional, Kicillof dijo en su cuenta de X: \u00abConmemoramos el 178\u00b0 aniversario de la batalla Vuelta de Obligado, una gesta en defensa de nuestra independencia e identidad\u00bb.<\/p>\n\n\n\n<p>Sostuvo que \u00abla mejor forma de fortalecer nuestra soberan\u00eda es impulsar pol\u00edticas de desendeudamiento, de desarrollo, inclusi\u00f3n social y ampliaci\u00f3n de derechos, con eje en el trabajo, la salud y la educaci\u00f3n\u00bb. La vicegobernadora bonaerense, Ver\u00f3nica Magario, tambi\u00e9n se expres\u00f3 sobre este aniversario en su cuenta de X.<\/p>\n\n\n\n<p>\u00abCelebramos el D\u00eda de la Soberan\u00eda Nacional y recordamos el coraje de los valientes que lucharon en la Batalla de Vuelta de Obligado, fortaleciendo nuestra independencia econ\u00f3mica\u00bb, destac\u00f3.<\/p>\n\n\n\n<p>Consider\u00f3 que \u00absu legado m\u00e1s grande es nuestro compromiso constante de salvaguardar la soberan\u00eda argentina\u00bb. <\/p>\n","protected":false},"excerpt":{"rendered":"<p>El gobernador<\/p>\n","protected":false},"author":1,"featured_media":39574,"comment_status":"closed","ping_status":"closed","sticky":false,"template":"","format":"standard","meta":{"footnotes":""},"categories":[1,5],"tags":[],"class_list":["post-47109","post","type-post","status-publish","format-standard","has-post-thumbnail","hentry","category-destacados","category-provincia"],"_links":{"self":[{"href":"https:\/\/panoramadelsur.com.ar\/index.php?rest_route=\/wp\/v2\/posts\/47109","targetHints":{"allow":["GET"]}}],"collection":[{"href":"https:\/\/panoramadelsur.com.ar\/index.php?rest_route=\/wp\/v2\/posts"}],"about":[{"href":"https:\/\/panoramadelsur.com.ar\/index.php?rest_route=\/wp\/v2\/types\/post"}],"author":[{"embeddable":true,"href":"https:\/\/panoramadelsur.com.ar\/index.php?rest_route=\/wp\/v2\/users\/1"}],"replies":[{"embeddable":true,"href":"https:\/\/panoramadelsur.com.ar\/index.php?rest_route=%2Fwp%2Fv2%2Fcomments&post=47109"}],"version-history":[{"count":1,"href":"https:\/\/panoramadelsur.com.ar\/index.php?rest_route=\/wp\/v2\/posts\/47109\/revisions"}],"predecessor-version":[{"id":47111,"href":"https:\/\/panoramadelsur.com.ar\/index.php?rest_route=\/wp\/v2\/posts\/47109\/revisions\/47111"}],"wp:featuredmedia":[{"embeddable":true,"href":"https:\/\/panoramadelsur.com.ar\/index.php?rest_route=\/wp\/v2\/media\/39574"}],"wp:attachment":[{"href":"https:\/\/panoramadelsur.com.ar\/index.php?rest_route=%2Fwp%2Fv2%2Fmedia&parent=47109"}],"wp:term":[{"taxonomy":"category","embeddable":true,"href":"https:\/\/panoramadelsur.com.ar\/index.php?rest_route=%2Fwp%2Fv2%2Fcategories&post=47109"},{"taxonomy":"post_tag","embeddable":true,"href":"https:\/\/panoramadelsur.com.ar\/index.php?rest_route=%2Fwp%2Fv2%2Ftags&post=47109"}],"curies":[{"name":"wp","href":"https:\/\/api.w.org\/{rel}","templated":true}]}}