{"id":47117,"date":"2023-11-21T00:01:00","date_gmt":"2023-11-21T03:01:00","guid":{"rendered":"https:\/\/panoramadelsur.com.ar\/?p=47117"},"modified":"2023-11-21T03:19:51","modified_gmt":"2023-11-21T06:19:51","slug":"polo-obrero-convoca-a-un-plenario-piquetero-el-jueves-contra-el-ajuste","status":"publish","type":"post","link":"https:\/\/panoramadelsur.com.ar\/?p=47117","title":{"rendered":"POLO OBRERO CONVOCA A UN PLENARIO PIQUETERO EL JUEVES CONTRA EL AJUSTE"},"content":{"rendered":"\n<p>El Polo Obrero anunci\u00f3 un Plenario Nacional Piquetero para el jueves 23, donde \u00abdelegados de todo el pa\u00eds\u00bb discutir\u00e1n un \u00abplan de lucha contra el ajuste\u00bb.<\/p>\n\n\n\n<p>As\u00ed lo confirmaron fuentes del Polo Obrero a T\u00e9lam y detallaron que el plenario se realizar\u00e1 en Parque Lezama desde las 10.<\/p>\n\n\n\n<p>\u00abSe va a discutir con delegados de todo el pa\u00eds un plan de lucha contra el ajuste de hoy y de Javier Milei\u00bb, indicaron respecto de las propuestas anticipadas por el presidente electo. <\/p>\n","protected":false},"excerpt":{"rendered":"<p>El Polo<\/p>\n","protected":false},"author":1,"featured_media":39574,"comment_status":"closed","ping_status":"closed","sticky":false,"template":"","format":"standard","meta":{"footnotes":""},"categories":[4,8],"tags":[59],"class_list":["post-47117","post","type-post","status-publish","format-standard","has-post-thumbnail","hentry","category-nacionales","category-para-agendar","tag-nacionales"],"_links":{"self":[{"href":"https:\/\/panoramadelsur.com.ar\/index.php?rest_route=\/wp\/v2\/posts\/47117","targetHints":{"allow":["GET"]}}],"collection":[{"href":"https:\/\/panoramadelsur.com.ar\/index.php?rest_route=\/wp\/v2\/posts"}],"about":[{"href":"https:\/\/panoramadelsur.com.ar\/index.php?rest_route=\/wp\/v2\/types\/post"}],"author":[{"embeddable":true,"href":"https:\/\/panoramadelsur.com.ar\/index.php?rest_route=\/wp\/v2\/users\/1"}],"replies":[{"embeddable":true,"href":"https:\/\/panoramadelsur.com.ar\/index.php?rest_route=%2Fwp%2Fv2%2Fcomments&post=47117"}],"version-history":[{"count":1,"href":"https:\/\/panoramadelsur.com.ar\/index.php?rest_route=\/wp\/v2\/posts\/47117\/revisions"}],"predecessor-version":[{"id":47120,"href":"https:\/\/panoramadelsur.com.ar\/index.php?rest_route=\/wp\/v2\/posts\/47117\/revisions\/47120"}],"wp:featuredmedia":[{"embeddable":true,"href":"https:\/\/panoramadelsur.com.ar\/index.php?rest_route=\/wp\/v2\/media\/39574"}],"wp:attachment":[{"href":"https:\/\/panoramadelsur.com.ar\/index.php?rest_route=%2Fwp%2Fv2%2Fmedia&parent=47117"}],"wp:term":[{"taxonomy":"category","embeddable":true,"href":"https:\/\/panoramadelsur.com.ar\/index.php?rest_route=%2Fwp%2Fv2%2Fcategories&post=47117"},{"taxonomy":"post_tag","embeddable":true,"href":"https:\/\/panoramadelsur.com.ar\/index.php?rest_route=%2Fwp%2Fv2%2Ftags&post=47117"}],"curies":[{"name":"wp","href":"https:\/\/api.w.org\/{rel}","templated":true}]}}