{"id":47121,"date":"2023-11-21T00:02:00","date_gmt":"2023-11-21T03:02:00","guid":{"rendered":"https:\/\/panoramadelsur.com.ar\/?p=47121"},"modified":"2023-11-21T03:29:44","modified_gmt":"2023-11-21T06:29:44","slug":"milei-arma-su-gabinete-anuncio-privatizaciones-y-la-eliminacion-del-banco-central","status":"publish","type":"post","link":"https:\/\/panoramadelsur.com.ar\/?p=47121","title":{"rendered":"MILEI ARMA SU GABINETE, ANUNCI\u00d3 PRIVATIZACIONES Y LA ELIMINACI\u00d3N DEL BANCO CENTRAL"},"content":{"rendered":"\n<p>El presidente electo,&nbsp;Javier Milei,&nbsp;asegur\u00f3 ayer lunes que su intenci\u00f3n es \u00abser el primer eslab\u00f3n de una reconstrucci\u00f3n de la Argentina\u00bb, sostuvo que aspira a formar un Gobierno que \u00abmarque un punto de inflexi\u00f3n en la historia\u00bb y dijo que el ministro de Econom\u00eda, Sergio Massa, \u00abdebe hacerse cargo de todo lo que hizo en este tiempo\u00bb y \u00abcumplir con sus funciones y su mandato, que termina el 10 de diciembre\u00bb.<\/p>\n\n\n\n<p>\u00abMi intenci\u00f3n es ser el primer eslab\u00f3n de la reconstrucci\u00f3n argentina.&nbsp;Despu\u00e9s veremos si tengo que gobernar cuatro u ocho a\u00f1os. Quiero que mi gobierno marque un punto de inflexi\u00f3n en la historia argentina\u00bb, dijo Milei en declaraciones que realiz\u00f3 a las radios Rivadavia, Continental, El Observador, La Red y Mitre.<\/p>\n\n\n\n<p>Al d\u00eda siguiente de&nbsp;imponerse con el 55,69% de los votos&nbsp;en el balotaje&nbsp;al ministro de Econom\u00eda y candidato de Uni\u00f3n por la Patria (UxP), Sergio Massa (44,30%),&nbsp;el electo mandatario comenz\u00f3 a dar detalles de qui\u00e9nes integrar\u00e1n su gabinete&nbsp;y cu\u00e1les ser\u00e1n algunas de las principales medidas que tomar\u00e1 al frente del pa\u00eds.<\/p>\n\n\n\n<h2 class=\"wp-block-heading\">Econom\u00eda<\/h2>\n\n\n\n<p>En materia econ\u00f3mica,&nbsp;ratific\u00f3 la decisi\u00f3n de eliminar el Banco Central&nbsp;(BCRA) por tratarse de una \u00abcuesti\u00f3n moral\u00bb; establecer una estrategia financiera para \u00abresolver el problema de las Lelics\u00bb, en la cual intervendr\u00eda una entidad de cr\u00e9dito extranjera; privatizar empresas p\u00fablicas como&nbsp;YPF, la Televisi\u00f3n P\u00fablica, Radio Nacional y T\u00e9lam&nbsp;\u00abm\u00e1s por motivos simb\u00f3licos que presupuestarios\u00bb;&nbsp;derogar la Ley de Alquileres; y establecer una pol\u00edtica de \u00abcielos abiertos\u00bb en materia a\u00e9rea que incluir\u00e1&nbsp;cederle el manejo de Aerol\u00edneas Argentinas a sus trabajadores.<\/p>\n\n\n\n<p>\u00abAl Fondo le resulta m\u00e1s amigable dialogar con nosotros porque estamos convencidos de la necesidad de un equilibrio fiscal\u00bb, coment\u00f3 Milei, y asegur\u00f3 que el acuerdo de renegociaci\u00f3n firmado en su momento por el Gobierno con el organismo internacional de cr\u00e9dito \u00abest\u00e1 ca\u00eddo\u00bb.<\/p>\n\n\n\n<p>Horas despu\u00e9s del triunfo conseguido en el balotaje,&nbsp;la directora gerenta del FMI, Kristalina Georgieva, felicit\u00f3 a Milei&nbsp;y expres\u00f3 que espera trabajar con su administraci\u00f3n en \u00abun plan s\u00f3lido para salvaguarda la estabilidad econ\u00f3mica\u00bb del pa\u00eds.<\/p>\n\n\n\n<p>Consultado acerca de qui\u00e9n ser\u00e1 el ministro de Econom\u00eda,&nbsp;Milei elogi\u00f3 al expresidente del Banco Central Federico Sturzenegger, a quien defini\u00f3 como una persona que admira y a la que le tiene \u00abafecto\u00bb, aunque no confirm\u00f3 su nombre al frente del Palacio de Hacienda.&nbsp;Tambi\u00e9n, destac\u00f3 la figura del exministro de Finanzas macrista&nbsp;Luis \u00abToto\u00bb Caputo&nbsp;y del diputado del PRO&nbsp;Luciano Laspina.<\/p>\n\n\n\n<p>\u00abHoy -por ayer- iba a anunciar al ministro de Econom\u00eda, pero la decisi\u00f3n de Massa lo someter\u00eda a una situaci\u00f3n de desgaste\u00bb hasta el 10 de diciembre, coment\u00f3 Milei ante la versi\u00f3n de que el ministro de Econom\u00eda se tomar\u00eda licencia en el cargo.<\/p>\n\n\n\n<p>Milei destac\u00f3 una coincidencia \u00abdel 90% en la agenda\u00bb de gobierno con sus aliados pol\u00edticos del PRO, especialmente con el expresidente&nbsp;Mauricio Macri&nbsp;y quien fuera la candidata a presidenta de Juntos por el Cambio (JxC) en las elecciones generales,&nbsp;Patricia Bullrich, a quien dijo que recibir\u00eda \u00abcon felicidad\u00bb en su gabinete, aunque sin determinarle un puesto espec\u00edfico, porque \u00abtodas sus gestiones fueron exitosas\u00bb.<\/p>\n\n\n\n<p>Acerca de Macri, consider\u00f3 que puede no tener \u00abestrictamente\u00bb un cargo en su gobierno, aunque mencion\u00f3 que resultar\u00eda&nbsp;un \u00abgran representante\u00bb de la Argentina en el mundo porque cuando gobern\u00f3 el pa\u00eds \u00absu pol\u00edtica exterior fue muy buena\u00bb.<\/p>\n\n\n\n<p>Milei mencion\u00f3 a Cristian Ritondo y Miguel \u00c1ngel Pichetto como dirigentes clave&nbsp;en la elaboraci\u00f3n y aprobaci\u00f3n de leyes en el Congreso, y refiri\u00f3 la posibilidad de que el exministro del Interior kirchnerista&nbsp;Florencio Randazzo&nbsp;ocupe un cargo en su gobierno, posiblemente en el \u00e1rea de Transporte, entre otros nombres. \u00abEstamos dispuestos a trabajar juntos para elaborar soluciones\u00bb, indic\u00f3.<\/p>\n\n\n\n<p>Milei trabaj\u00f3 durante la ma\u00f1ana de ayer en el hotel Libertador con&nbsp;la diputada electa Diana Mondino,&nbsp;quien ser\u00e1 ministra de Relaciones Exteriores, en una agenda internacional que incluir\u00e1,&nbsp;antes de asumir la presidencia, viajes a Estados Unidos e Israel,&nbsp;aunque coment\u00f3 que ambos periplos tendr\u00e1n fines \u00abespirituales\u00bb.<\/p>\n\n\n\n<p>Junto a ellos tambi\u00e9n estuvieron&nbsp;Nicol\u00e1s Posse, que se desempe\u00f1ar\u00e1 como jefe de Gabinete; y Guillermo Francos, pr\u00f3ximo ministro del Interior.<\/p>\n\n\n\n<p>Milei precis\u00f3 que&nbsp;la vicepresidenta electa, Victoria Villarruel, est\u00e1 analizando los nombres de los dirigentes que podr\u00edan ocupar el Ministerio de Seguridad, as\u00ed como el de Defensa.<\/p>\n\n\n\n<h2 class=\"wp-block-heading\">Repercusiones internacionales<\/h2>\n\n\n\n<p>El electo presidente recibi\u00f3 desde su consagraci\u00f3n en el balotaje&nbsp;el llamado de distintos presidentes latinoamericanos y l\u00edderes mundiales, quienes abogaron por profundizar las relaciones bilaterales y los v\u00ednculos entre las regiones.<\/p>\n\n\n\n<p>Los mandatarios Luis Lacalle Pou (Uruguay), Lula da Silva (Brasil), Gabriel Boric Font (Chile), Dina Boluarte (Per\u00fa), Guillermo Lasso (Ecuador) y Santiago Pe\u00f1a (Paraguay) fueron algunos de los que saludaron el triunfo de Milei. El \u00fanico que lo hizo con desagrado fue el colombiano,&nbsp;Gustavo Petro: \u00abHa ganado la extrema derecha en Argentina. Triste para Am\u00e9rica Latina\u00bb, indic\u00f3.<\/p>\n\n\n\n<p>Tambi\u00e9n los expresidentes de Estados Unidos,&nbsp;Donald Trump, y de Brasil,&nbsp;Jair Bolsonaro, felicitaron a Milei, al igual que el secretario de Estado estadounidense,&nbsp;Antony Blinken; el presidente del Consejo Europeo de la UE, Charles Michel; y el mandatario ucraniano,&nbsp;Volodimir Zelensky,<\/p>\n\n\n\n<p>Adem\u00e1s, distintos diarios del mundo reflejaron este lunes el triunfo del candidato de La Libertad Avanza, al que consideraron un hecho \u00absorpresivo\u00bb y \u00abun vuelco hist\u00f3rico\u00bb en la pol\u00edtica argentina.<\/p>\n\n\n\n<p>Milei ser\u00e1, el pr\u00f3ximo 10 de diciembre, el primer economista profesional en la historia argentina&nbsp;que asumir\u00e1 la Presidencia.&nbsp;Conseguir\u00e1, de esa forma, alzarse con un logro por el que compitieron sin \u00e9xito Domingo Cavallo en 1999 y Roberto Lavagna en 2007 y 2019.<\/p>\n","protected":false},"excerpt":{"rendered":"<p>El presidente<\/p>\n","protected":false},"author":1,"featured_media":39574,"comment_status":"closed","ping_status":"closed","sticky":false,"template":"","format":"standard","meta":{"footnotes":""},"categories":[10,4],"tags":[],"class_list":["post-47121","post","type-post","status-publish","format-standard","has-post-thumbnail","hentry","category-mas-noticias","category-nacionales"],"_links":{"self":[{"href":"https:\/\/panoramadelsur.com.ar\/index.php?rest_route=\/wp\/v2\/posts\/47121","targetHints":{"allow":["GET"]}}],"collection":[{"href":"https:\/\/panoramadelsur.com.ar\/index.php?rest_route=\/wp\/v2\/posts"}],"about":[{"href":"https:\/\/panoramadelsur.com.ar\/index.php?rest_route=\/wp\/v2\/types\/post"}],"author":[{"embeddable":true,"href":"https:\/\/panoramadelsur.com.ar\/index.php?rest_route=\/wp\/v2\/users\/1"}],"replies":[{"embeddable":true,"href":"https:\/\/panoramadelsur.com.ar\/index.php?rest_route=%2Fwp%2Fv2%2Fcomments&post=47121"}],"version-history":[{"count":1,"href":"https:\/\/panoramadelsur.com.ar\/index.php?rest_route=\/wp\/v2\/posts\/47121\/revisions"}],"predecessor-version":[{"id":47123,"href":"https:\/\/panoramadelsur.com.ar\/index.php?rest_route=\/wp\/v2\/posts\/47121\/revisions\/47123"}],"wp:featuredmedia":[{"embeddable":true,"href":"https:\/\/panoramadelsur.com.ar\/index.php?rest_route=\/wp\/v2\/media\/39574"}],"wp:attachment":[{"href":"https:\/\/panoramadelsur.com.ar\/index.php?rest_route=%2Fwp%2Fv2%2Fmedia&parent=47121"}],"wp:term":[{"taxonomy":"category","embeddable":true,"href":"https:\/\/panoramadelsur.com.ar\/index.php?rest_route=%2Fwp%2Fv2%2Fcategories&post=47121"},{"taxonomy":"post_tag","embeddable":true,"href":"https:\/\/panoramadelsur.com.ar\/index.php?rest_route=%2Fwp%2Fv2%2Ftags&post=47121"}],"curies":[{"name":"wp","href":"https:\/\/api.w.org\/{rel}","templated":true}]}}