{"id":47143,"date":"2023-11-21T00:02:00","date_gmt":"2023-11-21T03:02:00","guid":{"rendered":"https:\/\/panoramadelsur.com.ar\/?p=47143"},"modified":"2023-11-21T04:27:04","modified_gmt":"2023-11-21T07:27:04","slug":"varela-terapias-alternativas-para-pacientes-oncologicas","status":"publish","type":"post","link":"https:\/\/panoramadelsur.com.ar\/?p=47143","title":{"rendered":"VARELA: TERAPIAS ALTERNATIVAS PARA PACIENTES ONCOL\u00d3GICAS"},"content":{"rendered":"\n<p>La Comuna -mediante un nexo con la Asociaci\u00f3n \u201cEsperanza es vida\u201d, abocada al sost\u00e9n de mujeres con la mencionada patolog\u00eda- diagrama jornadas con actividades gratuitas todos los mi\u00e9rcoles a las 14 hs. en el predio de la ex empresa Agfa, situado en la intersecci\u00f3n de las calles Newbery con Posadas.<\/p>\n\n\n\n<p>\u201cImpulsamos esta iniciativa a fin de aportar tanto un espacio de apoyo, contenci\u00f3n, as\u00ed como favorecer a la recuperaci\u00f3n de la energ\u00eda vital entre cuerpo y mente\u201d, precisa la directora de Terapias Alternativas -Mar\u00eda Franco-.<\/p>\n\n\n\n<p>\u201cA partir de m\u00e9todos sencillos, sanos, sin efectos secundarios perjudiciales, ayudamos a aliviar s\u00edntomas, mejorar la calidad de vida y el bienestar de cada una\u201d, asegura.<\/p>\n\n\n\n<p>Las asistentes participar\u00e1n en diferentes actividades: gimnasia terap\u00e9utica, stretching y relajaci\u00f3n, yoga, tai chi chuan, charlas nutricionales brindadas por el equipo del Departamento de Alimentaci\u00f3n Saludable local, entre otras.<\/p>\n\n\n\n<p>Quienes deseen concurrir deben contactar con Ana Navarrete -presidenta de la instituci\u00f3n- a trav\u00e9s de un mensaje al 11-6175-5488.<\/p>\n","protected":false},"excerpt":{"rendered":"<p>La Comuna<\/p>\n","protected":false},"author":1,"featured_media":39574,"comment_status":"closed","ping_status":"closed","sticky":false,"template":"","format":"standard","meta":{"footnotes":""},"categories":[8,3],"tags":[],"class_list":["post-47143","post","type-post","status-publish","format-standard","has-post-thumbnail","hentry","category-para-agendar","category-regionales"],"_links":{"self":[{"href":"https:\/\/panoramadelsur.com.ar\/index.php?rest_route=\/wp\/v2\/posts\/47143","targetHints":{"allow":["GET"]}}],"collection":[{"href":"https:\/\/panoramadelsur.com.ar\/index.php?rest_route=\/wp\/v2\/posts"}],"about":[{"href":"https:\/\/panoramadelsur.com.ar\/index.php?rest_route=\/wp\/v2\/types\/post"}],"author":[{"embeddable":true,"href":"https:\/\/panoramadelsur.com.ar\/index.php?rest_route=\/wp\/v2\/users\/1"}],"replies":[{"embeddable":true,"href":"https:\/\/panoramadelsur.com.ar\/index.php?rest_route=%2Fwp%2Fv2%2Fcomments&post=47143"}],"version-history":[{"count":1,"href":"https:\/\/panoramadelsur.com.ar\/index.php?rest_route=\/wp\/v2\/posts\/47143\/revisions"}],"predecessor-version":[{"id":47145,"href":"https:\/\/panoramadelsur.com.ar\/index.php?rest_route=\/wp\/v2\/posts\/47143\/revisions\/47145"}],"wp:featuredmedia":[{"embeddable":true,"href":"https:\/\/panoramadelsur.com.ar\/index.php?rest_route=\/wp\/v2\/media\/39574"}],"wp:attachment":[{"href":"https:\/\/panoramadelsur.com.ar\/index.php?rest_route=%2Fwp%2Fv2%2Fmedia&parent=47143"}],"wp:term":[{"taxonomy":"category","embeddable":true,"href":"https:\/\/panoramadelsur.com.ar\/index.php?rest_route=%2Fwp%2Fv2%2Fcategories&post=47143"},{"taxonomy":"post_tag","embeddable":true,"href":"https:\/\/panoramadelsur.com.ar\/index.php?rest_route=%2Fwp%2Fv2%2Ftags&post=47143"}],"curies":[{"name":"wp","href":"https:\/\/api.w.org\/{rel}","templated":true}]}}