{"id":48289,"date":"2024-01-02T01:05:00","date_gmt":"2024-01-02T04:05:00","guid":{"rendered":"https:\/\/panoramadelsur.com.ar\/?p=48289"},"modified":"2023-12-28T18:29:12","modified_gmt":"2023-12-28T21:29:12","slug":"horarios-de-atencion-del-economato-y-de-la-curia-diocesana-en-enero-2024","status":"publish","type":"post","link":"https:\/\/panoramadelsur.com.ar\/?p=48289","title":{"rendered":"HORARIOS DE ATENCI\u00d3N DEL ECONOMATO Y DE LA CURIA DIOCESANA EN ENERO 2024"},"content":{"rendered":"\n<p class=\"wp-block-paragraph\">Durante&nbsp;enero 2024&nbsp;las&nbsp;oficinas de la Curia Diocesana, con excepci\u00f3n del Economato Diocesano,&nbsp;permanecer\u00e1n cerradas&nbsp;y abrir\u00e1n nuevamente el 01 de febrero de 2024, en su horario habitual (de lunes a viernes de 08.30 a 13.00).<\/p>\n\n\n\n<p class=\"wp-block-paragraph\">Por cualquier&nbsp;urgencia&nbsp;comunicarse a trav\u00e9s del Whatsapp&nbsp;11 3209-0327<\/p>\n\n\n\n<p class=\"wp-block-paragraph\">Sin embargo, en&nbsp;enero 2024&nbsp;el&nbsp;Economato Diocesano&nbsp;atender\u00e1 \u00fanicamente&nbsp;los&nbsp;martes y viernes de 09.00 a 13.00&nbsp;con turno previo.<br>Para solicitar&nbsp;turno&nbsp;comunicarse de&nbsp;lunes a viernes de 09.00 a 13.00:<br>&#8211; del&nbsp;02 al 16&nbsp;de enero, con&nbsp;Paula&nbsp;al 11 6719-1260, y<br>&#8211; del&nbsp;17 al 31&nbsp;de enero, con&nbsp;Mariana&nbsp;al 11 6816-6980<\/p>\n\n\n\n<p class=\"wp-block-paragraph\">A partir del 01 de febrero, el Economato Diocesano retoma su horario de atenci\u00f3n habitual de lunes a viernes de 09.00 a 12.30 h.<\/p>\n","protected":false},"excerpt":{"rendered":"<p>Durante&nbsp;enero 2024&nbsp;las&nbsp;oficinas<\/p>\n","protected":false},"author":1,"featured_media":39574,"comment_status":"closed","ping_status":"closed","sticky":false,"template":"","format":"standard","meta":{"footnotes":""},"categories":[2],"tags":[17],"class_list":["post-48289","post","type-post","status-publish","format-standard","has-post-thumbnail","hentry","category-quilmes","tag-quilmes"],"_links":{"self":[{"href":"https:\/\/panoramadelsur.com.ar\/index.php?rest_route=\/wp\/v2\/posts\/48289","targetHints":{"allow":["GET"]}}],"collection":[{"href":"https:\/\/panoramadelsur.com.ar\/index.php?rest_route=\/wp\/v2\/posts"}],"about":[{"href":"https:\/\/panoramadelsur.com.ar\/index.php?rest_route=\/wp\/v2\/types\/post"}],"author":[{"embeddable":true,"href":"https:\/\/panoramadelsur.com.ar\/index.php?rest_route=\/wp\/v2\/users\/1"}],"replies":[{"embeddable":true,"href":"https:\/\/panoramadelsur.com.ar\/index.php?rest_route=%2Fwp%2Fv2%2Fcomments&post=48289"}],"version-history":[{"count":1,"href":"https:\/\/panoramadelsur.com.ar\/index.php?rest_route=\/wp\/v2\/posts\/48289\/revisions"}],"predecessor-version":[{"id":48291,"href":"https:\/\/panoramadelsur.com.ar\/index.php?rest_route=\/wp\/v2\/posts\/48289\/revisions\/48291"}],"wp:featuredmedia":[{"embeddable":true,"href":"https:\/\/panoramadelsur.com.ar\/index.php?rest_route=\/wp\/v2\/media\/39574"}],"wp:attachment":[{"href":"https:\/\/panoramadelsur.com.ar\/index.php?rest_route=%2Fwp%2Fv2%2Fmedia&parent=48289"}],"wp:term":[{"taxonomy":"category","embeddable":true,"href":"https:\/\/panoramadelsur.com.ar\/index.php?rest_route=%2Fwp%2Fv2%2Fcategories&post=48289"},{"taxonomy":"post_tag","embeddable":true,"href":"https:\/\/panoramadelsur.com.ar\/index.php?rest_route=%2Fwp%2Fv2%2Ftags&post=48289"}],"curies":[{"name":"wp","href":"https:\/\/api.w.org\/{rel}","templated":true}]}}