{"id":48349,"date":"2024-01-03T01:07:00","date_gmt":"2024-01-03T04:07:00","guid":{"rendered":"https:\/\/panoramadelsur.com.ar\/?p=48349"},"modified":"2024-01-02T17:55:45","modified_gmt":"2024-01-02T20:55:45","slug":"arranco-la-pretemporada-de-racing-con-gustavo-costas-como-dt","status":"publish","type":"post","link":"https:\/\/panoramadelsur.com.ar\/?p=48349","title":{"rendered":"ARRANC\u00d3 LA PRETEMPORADA DE RACING CON GUSTAVO COSTAS COMO DT"},"content":{"rendered":"\n<p class=\"wp-block-paragraph\">Racing, con la presencia del\u00a0nuevo entrenador\u00a0Gustavo Costas, inici\u00f3 ayer martes la pretemporada de cara a los desaf\u00edos que afrontar\u00e1 este a\u00f1o por\u00a0Copa de Liga, Copa Argentina, Copa Sudamericana y Liga Profesional.<\/p>\n\n\n\n<p class=\"wp-block-paragraph\">Los jugadores y el cuerpo t\u00e9cnico se reunieron en el Cilindro de Avellaneda a las 9 y luego se trasladaron al predio Tita Mattiussi.<\/p>\n\n\n\n<p class=\"wp-block-paragraph\">Est\u00e1n entre los jugadores dos de los refuerzos, los delanteros\u00a0Adri\u00e1n \u00abMaravilla\u00bb Mart\u00ednez, proveniente de Instituto, y\u00a0Maximiliano Salas, quien lleg\u00f3 de Palestino de Chile, en tanto que\u00a0Santiago Solari, proveniente de Defensa y Justicia y que tambi\u00e9n se sumar\u00e1 a la \u00abAcademia\u00bb, a\u00fan debe hacer la revisi\u00f3n m\u00e9dica.<\/p>\n\n\n\n<p class=\"wp-block-paragraph\">Por su parte, el delantero colombiano\u00a0Roger Mart\u00ednez\u00a0llegar\u00e1 el s\u00e1bado pr\u00f3ximo ya que tiene unos d\u00edas m\u00e1s de licencia por haber jugado en el seleccionado de su pa\u00eds.<\/p>\n","protected":false},"excerpt":{"rendered":"<p>Racing, con<\/p>\n","protected":false},"author":1,"featured_media":39574,"comment_status":"closed","ping_status":"closed","sticky":false,"template":"","format":"standard","meta":{"footnotes":""},"categories":[6],"tags":[22],"class_list":["post-48349","post","type-post","status-publish","format-standard","has-post-thumbnail","hentry","category-deportes","tag-futbol"],"_links":{"self":[{"href":"https:\/\/panoramadelsur.com.ar\/index.php?rest_route=\/wp\/v2\/posts\/48349","targetHints":{"allow":["GET"]}}],"collection":[{"href":"https:\/\/panoramadelsur.com.ar\/index.php?rest_route=\/wp\/v2\/posts"}],"about":[{"href":"https:\/\/panoramadelsur.com.ar\/index.php?rest_route=\/wp\/v2\/types\/post"}],"author":[{"embeddable":true,"href":"https:\/\/panoramadelsur.com.ar\/index.php?rest_route=\/wp\/v2\/users\/1"}],"replies":[{"embeddable":true,"href":"https:\/\/panoramadelsur.com.ar\/index.php?rest_route=%2Fwp%2Fv2%2Fcomments&post=48349"}],"version-history":[{"count":1,"href":"https:\/\/panoramadelsur.com.ar\/index.php?rest_route=\/wp\/v2\/posts\/48349\/revisions"}],"predecessor-version":[{"id":48351,"href":"https:\/\/panoramadelsur.com.ar\/index.php?rest_route=\/wp\/v2\/posts\/48349\/revisions\/48351"}],"wp:featuredmedia":[{"embeddable":true,"href":"https:\/\/panoramadelsur.com.ar\/index.php?rest_route=\/wp\/v2\/media\/39574"}],"wp:attachment":[{"href":"https:\/\/panoramadelsur.com.ar\/index.php?rest_route=%2Fwp%2Fv2%2Fmedia&parent=48349"}],"wp:term":[{"taxonomy":"category","embeddable":true,"href":"https:\/\/panoramadelsur.com.ar\/index.php?rest_route=%2Fwp%2Fv2%2Fcategories&post=48349"},{"taxonomy":"post_tag","embeddable":true,"href":"https:\/\/panoramadelsur.com.ar\/index.php?rest_route=%2Fwp%2Fv2%2Ftags&post=48349"}],"curies":[{"name":"wp","href":"https:\/\/api.w.org\/{rel}","templated":true}]}}