{"id":48355,"date":"2024-01-03T01:07:00","date_gmt":"2024-01-03T04:07:00","guid":{"rendered":"https:\/\/panoramadelsur.com.ar\/?p=48355"},"modified":"2024-01-02T20:21:38","modified_gmt":"2024-01-02T23:21:38","slug":"para-katopodis-milei-agravo-los-problemas-del-pais","status":"publish","type":"post","link":"https:\/\/panoramadelsur.com.ar\/?p=48355","title":{"rendered":"PARA KATOPODIS, MILEI AGRAV\u00d3 \u00abLOS PROBLEMAS DEL PA\u00cdS\u00bb"},"content":{"rendered":"\n<p class=\"wp-block-paragraph\">El ministro de Infraestructura y Servicio P\u00fablicos de la provincia de Buenos Aires,\u00a0Gabriel Katopodis, asegur\u00f3 que \u00abgobernar todos los d\u00edas es resolver\u00bb, pero eval\u00fao que la administraci\u00f3n que encabeza\u00a0Javier Milei\u00a0agrav\u00f3 \u00abtodos los problemas que ten\u00eda el pa\u00eds\u00bb.<\/p>\n\n\n\n<p class=\"wp-block-paragraph\">\u00abParece que desde el primer d\u00eda,\u00a0el Gobierno est\u00e1 buscando lograr un estado de mucha desesperaci\u00f3n para avanzar con medidas. Quieren plantear que no hay otra salida. Gobernar es resolver todos los d\u00edas alg\u00fan problema, pero\u00a0esta gesti\u00f3n desde que asumi\u00f3 empeor\u00f3 todo lo malo que nos pasaba\u00bb, apunt\u00f3 Katopodis en declaraciones a Radio Splendid.<\/p>\n\n\n\n<p class=\"wp-block-paragraph\">En ese sentido, el funcionario bonaerense afirm\u00f3 que \u00aben las calles, se ve a la gente que pelea por sus derechos\u00bb, y consider\u00f3 que el Gobierno \u00abno deber\u00eda destruir las cosas importantes que se lograron durante la administraci\u00f3n del expresidente\u00a0Alberto Fern\u00e1ndez.<\/p>\n\n\n\n<p class=\"wp-block-paragraph\">Para Katopodis, Milei usa \u00abuna narrativa que se prob\u00f3 muchas veces\u00bb, y sostuvo que \u00abno hay que subestimar a la gente, que sabe que sus problemas no se resuelven retrocediendo\u00bb.<\/p>\n\n\n\n<p class=\"wp-block-paragraph\">\u00abLos argentinos necesitamos serenarnos, cuidar lo que tenemos y encarar lo que viene. Eso es lo que no est\u00e1 pasando. Hay un Gobierno que nos viene a plantear la Ley del m\u00e1s fuerte. Ninguna gesti\u00f3n tiene carta blanca. Se deben dar explicaciones, negociar y buscar acuerdos. Hay que entender que Argentina saldr\u00e1 adelante en la medida de que no subestimen la paciencia de nuestra gente\u00bb, puntualiz\u00f3.<\/p>\n","protected":false},"excerpt":{"rendered":"<p>El ministro<\/p>\n","protected":false},"author":1,"featured_media":39574,"comment_status":"closed","ping_status":"closed","sticky":false,"template":"","format":"standard","meta":{"footnotes":""},"categories":[5],"tags":[28,27],"class_list":["post-48355","post","type-post","status-publish","format-standard","has-post-thumbnail","hentry","category-provincia","tag-gba","tag-provincia"],"_links":{"self":[{"href":"https:\/\/panoramadelsur.com.ar\/index.php?rest_route=\/wp\/v2\/posts\/48355","targetHints":{"allow":["GET"]}}],"collection":[{"href":"https:\/\/panoramadelsur.com.ar\/index.php?rest_route=\/wp\/v2\/posts"}],"about":[{"href":"https:\/\/panoramadelsur.com.ar\/index.php?rest_route=\/wp\/v2\/types\/post"}],"author":[{"embeddable":true,"href":"https:\/\/panoramadelsur.com.ar\/index.php?rest_route=\/wp\/v2\/users\/1"}],"replies":[{"embeddable":true,"href":"https:\/\/panoramadelsur.com.ar\/index.php?rest_route=%2Fwp%2Fv2%2Fcomments&post=48355"}],"version-history":[{"count":1,"href":"https:\/\/panoramadelsur.com.ar\/index.php?rest_route=\/wp\/v2\/posts\/48355\/revisions"}],"predecessor-version":[{"id":48357,"href":"https:\/\/panoramadelsur.com.ar\/index.php?rest_route=\/wp\/v2\/posts\/48355\/revisions\/48357"}],"wp:featuredmedia":[{"embeddable":true,"href":"https:\/\/panoramadelsur.com.ar\/index.php?rest_route=\/wp\/v2\/media\/39574"}],"wp:attachment":[{"href":"https:\/\/panoramadelsur.com.ar\/index.php?rest_route=%2Fwp%2Fv2%2Fmedia&parent=48355"}],"wp:term":[{"taxonomy":"category","embeddable":true,"href":"https:\/\/panoramadelsur.com.ar\/index.php?rest_route=%2Fwp%2Fv2%2Fcategories&post=48355"},{"taxonomy":"post_tag","embeddable":true,"href":"https:\/\/panoramadelsur.com.ar\/index.php?rest_route=%2Fwp%2Fv2%2Ftags&post=48355"}],"curies":[{"name":"wp","href":"https:\/\/api.w.org\/{rel}","templated":true}]}}