{"id":48366,"date":"2024-01-03T01:08:00","date_gmt":"2024-01-03T04:08:00","guid":{"rendered":"https:\/\/panoramadelsur.com.ar\/?p=48366"},"modified":"2024-01-02T20:20:34","modified_gmt":"2024-01-02T23:20:34","slug":"cuattromo-confirmo-continuidad-de-cuenta-dni-y-dijo-que-acompanar-la-temporada-sera-decisivo","status":"publish","type":"post","link":"https:\/\/panoramadelsur.com.ar\/?p=48366","title":{"rendered":"CUATTROMO CONFIRM\u00d3 CONTINUIDAD DE CUENTA DNI Y DIJO QUE \u00abACOMPA\u00d1AR LA TEMPORADA SER\u00c1 DECISIVO\u00bb"},"content":{"rendered":"\n<p class=\"wp-block-paragraph\">El presidente del Banco Provincia, Juan Cuattromo, precis\u00f3 que durante enero se van a mantener la promociones en los comercios con la app Cuenta DNI, y consider\u00f3 que \u00ab\u00bbacompa\u00f1ar la temporada este a\u00f1o ser\u00e1 decisivo\u00bb ante un contexto de \u00abincertidumbre y p\u00e9rdida del poder adquisitivo\u00bb.<\/p>\n\n\n\n<p class=\"wp-block-paragraph\">\u00abEn enero vamos a sostener todas las prestaciones que hacemos habitualmente, las carnicer\u00edas ser\u00e1n s\u00f3lo los s\u00e1bados pero vamos a ampliar los beneficios para acompa\u00f1ar la temporada de verano que suele ser en los destinos tur\u00edsticos en los comercios\u00bb, coment\u00f3 en declaraciones a radio Provincia.<\/p>\n\n\n\n<p class=\"wp-block-paragraph\">Para Cuattromo, Cuenta DNI \u00abes una herramienta muy importante para acompa\u00f1ar el consumo, el comercio de cercan\u00eda y en esta temporada es fundamental sostener estas acciones porque es un a\u00f1o donde acompa\u00f1ar va a ser decisivo en este marco de incertidumbre y de p\u00e9rdida del poder adquisitivo que se est\u00e1 viviendo\u00bb, asever\u00f3.<\/p>\n\n\n\n<p class=\"wp-block-paragraph\">Tambi\u00e9n coment\u00f3 que desde que se lanz\u00f3 Cuenta DNi, y Cuenta DNI comercios que es para que todos puedan vender usando QR o celular, \u00abhoy tenemos cerca de 150 mil puntos de venta en toda la provincia de Buenos Aires, que es in\u00e9dito para el Banco Provincia en cuanto a la capilaridad que tiene la herramienta\u00bb.<\/p>\n\n\n\n<p class=\"wp-block-paragraph\">\u00abPara nosotros es un gran desaf\u00edo sostener estas acciones porque surgen de la capacidad del Banco, y hasta hoy pudimos hacerlo porque operamos en un marco de medidas macro econ\u00f3micos que nos permiti\u00f3 crecer\u00bb, dijo el funcionario, quien agreg\u00f3 que, de cara a este a\u00f1o, el banco y la Provincia no son \u00abuna isla\u00bb.<\/p>\n\n\n\n<p class=\"wp-block-paragraph\">Por eso, dijo que se ir\u00e1 \u00abconstruyendo siempre con la misma visi\u00f3n estrat\u00e9gica y de acompa\u00f1amiento a la actividad econ\u00f3mica a partir de los lineamientos y capacidad que tengamos para sostener estas acciones\u00bb. <\/p>\n","protected":false},"excerpt":{"rendered":"<p>El presidente<\/p>\n","protected":false},"author":1,"featured_media":39574,"comment_status":"closed","ping_status":"closed","sticky":false,"template":"","format":"standard","meta":{"footnotes":""},"categories":[5],"tags":[28,27],"class_list":["post-48366","post","type-post","status-publish","format-standard","has-post-thumbnail","hentry","category-provincia","tag-gba","tag-provincia"],"_links":{"self":[{"href":"https:\/\/panoramadelsur.com.ar\/index.php?rest_route=\/wp\/v2\/posts\/48366","targetHints":{"allow":["GET"]}}],"collection":[{"href":"https:\/\/panoramadelsur.com.ar\/index.php?rest_route=\/wp\/v2\/posts"}],"about":[{"href":"https:\/\/panoramadelsur.com.ar\/index.php?rest_route=\/wp\/v2\/types\/post"}],"author":[{"embeddable":true,"href":"https:\/\/panoramadelsur.com.ar\/index.php?rest_route=\/wp\/v2\/users\/1"}],"replies":[{"embeddable":true,"href":"https:\/\/panoramadelsur.com.ar\/index.php?rest_route=%2Fwp%2Fv2%2Fcomments&post=48366"}],"version-history":[{"count":1,"href":"https:\/\/panoramadelsur.com.ar\/index.php?rest_route=\/wp\/v2\/posts\/48366\/revisions"}],"predecessor-version":[{"id":48368,"href":"https:\/\/panoramadelsur.com.ar\/index.php?rest_route=\/wp\/v2\/posts\/48366\/revisions\/48368"}],"wp:featuredmedia":[{"embeddable":true,"href":"https:\/\/panoramadelsur.com.ar\/index.php?rest_route=\/wp\/v2\/media\/39574"}],"wp:attachment":[{"href":"https:\/\/panoramadelsur.com.ar\/index.php?rest_route=%2Fwp%2Fv2%2Fmedia&parent=48366"}],"wp:term":[{"taxonomy":"category","embeddable":true,"href":"https:\/\/panoramadelsur.com.ar\/index.php?rest_route=%2Fwp%2Fv2%2Fcategories&post=48366"},{"taxonomy":"post_tag","embeddable":true,"href":"https:\/\/panoramadelsur.com.ar\/index.php?rest_route=%2Fwp%2Fv2%2Ftags&post=48366"}],"curies":[{"name":"wp","href":"https:\/\/api.w.org\/{rel}","templated":true}]}}