{"id":48381,"date":"2024-01-03T01:05:00","date_gmt":"2024-01-03T04:05:00","guid":{"rendered":"https:\/\/panoramadelsur.com.ar\/?p=48381"},"modified":"2024-01-02T21:19:52","modified_gmt":"2024-01-03T00:19:52","slug":"petroli-coira-y-cejas-ya-son-jugadores-del-tomba","status":"publish","type":"post","link":"https:\/\/panoramadelsur.com.ar\/?p=48381","title":{"rendered":"PETROLI, COIRA Y CEJAS YA SON JUGADORES DEL TOMBA"},"content":{"rendered":"\n<p class=\"wp-block-paragraph\">El arquero Franco Petroli y el enganche Leonel Coira son nuevos refuerzos de Godoy Cruz de cara a la temporada 2024 y se pondr\u00e1n a las \u00f3rdenes del entrenador Daniel Oldr\u00e1.<\/p>\n\n\n\n<p class=\"wp-block-paragraph\">Petroli y Coira se sumar\u00e1n a las primeras dos incorporaciones: Tom\u00e1s \u00abToto\u00bb Pozzo, que viene desde Independiente, y el volante Mariano Santiago, proveniente de Almirante Brown.<\/p>\n\n\n\n<p class=\"wp-block-paragraph\">Petroli llega cedido a pr\u00e9stamo por un a\u00f1o por River Plate, luego de haber sido titular durante todo el 2023 en Estudiantes de R\u00edo Cuarto, mientras que Coira realiz\u00f3 infantiles en Real Madrid y Valencia, de Espa\u00f1a, luego jug\u00f3 en los juveniles de Boca Juniors y qued\u00f3 libre al no acordar la renovaci\u00f3n de su contrato.<\/p>\n\n\n\n<p class=\"wp-block-paragraph\">Otro volante ya que tiene casi cerrado su pase es Juan Bautista Cejas, ex Arsenal de Sarand\u00ed, mientras que Oldr\u00e1 decidi\u00f3 sumar dos uruguayos; el volante central Marcos Montiel, a pr\u00e9stamo de Nacional de Montevideo, y Vicente Poggi que juega en Necaxa, de M\u00e9xico, y que participar\u00e1 del Preol\u00edmpico sub 23 con la \u00abCeleste\u00bb.<\/p>\n\n\n\n<p class=\"wp-block-paragraph\">Otra variante que se cerrar\u00eda en estos d\u00edas es Mart\u00edn Pino, delantero de Instituto, pero que viene de jugar en Brown de Puerto Madryn.<\/p>\n\n\n\n<p class=\"wp-block-paragraph\">A ellos se sumar\u00e1n Tom\u00e1s Badaloni, que vuelve de un pr\u00e9stamo en Tigre; y Valent\u00edn Burgoa, que regresa de Hurac\u00e1n, que ser\u00e1n tenidos en cuenta por Oldr\u00e1.<\/p>\n","protected":false},"excerpt":{"rendered":"<p>El arquero<\/p>\n","protected":false},"author":1,"featured_media":39574,"comment_status":"closed","ping_status":"closed","sticky":false,"template":"","format":"standard","meta":{"footnotes":""},"categories":[6],"tags":[22],"class_list":["post-48381","post","type-post","status-publish","format-standard","has-post-thumbnail","hentry","category-deportes","tag-futbol"],"_links":{"self":[{"href":"https:\/\/panoramadelsur.com.ar\/index.php?rest_route=\/wp\/v2\/posts\/48381","targetHints":{"allow":["GET"]}}],"collection":[{"href":"https:\/\/panoramadelsur.com.ar\/index.php?rest_route=\/wp\/v2\/posts"}],"about":[{"href":"https:\/\/panoramadelsur.com.ar\/index.php?rest_route=\/wp\/v2\/types\/post"}],"author":[{"embeddable":true,"href":"https:\/\/panoramadelsur.com.ar\/index.php?rest_route=\/wp\/v2\/users\/1"}],"replies":[{"embeddable":true,"href":"https:\/\/panoramadelsur.com.ar\/index.php?rest_route=%2Fwp%2Fv2%2Fcomments&post=48381"}],"version-history":[{"count":1,"href":"https:\/\/panoramadelsur.com.ar\/index.php?rest_route=\/wp\/v2\/posts\/48381\/revisions"}],"predecessor-version":[{"id":48383,"href":"https:\/\/panoramadelsur.com.ar\/index.php?rest_route=\/wp\/v2\/posts\/48381\/revisions\/48383"}],"wp:featuredmedia":[{"embeddable":true,"href":"https:\/\/panoramadelsur.com.ar\/index.php?rest_route=\/wp\/v2\/media\/39574"}],"wp:attachment":[{"href":"https:\/\/panoramadelsur.com.ar\/index.php?rest_route=%2Fwp%2Fv2%2Fmedia&parent=48381"}],"wp:term":[{"taxonomy":"category","embeddable":true,"href":"https:\/\/panoramadelsur.com.ar\/index.php?rest_route=%2Fwp%2Fv2%2Fcategories&post=48381"},{"taxonomy":"post_tag","embeddable":true,"href":"https:\/\/panoramadelsur.com.ar\/index.php?rest_route=%2Fwp%2Fv2%2Ftags&post=48381"}],"curies":[{"name":"wp","href":"https:\/\/api.w.org\/{rel}","templated":true}]}}