{"id":48387,"date":"2024-01-03T01:05:00","date_gmt":"2024-01-03T04:05:00","guid":{"rendered":"https:\/\/panoramadelsur.com.ar\/?p=48387"},"modified":"2024-01-02T21:08:06","modified_gmt":"2024-01-03T00:08:06","slug":"sancionaron-a-una-empresa-de-omnibus-por-un-aumento-unilateral-de-tarifas","status":"publish","type":"post","link":"https:\/\/panoramadelsur.com.ar\/?p=48387","title":{"rendered":"SANCIONARON A UNA EMPRESA DE \u00d3MNIBUS POR UN AUMENTO UNILATERAL DE TARIFAS"},"content":{"rendered":"\n<p class=\"wp-block-paragraph\">El Ministerio de Transporte de la Provincia de Buenos Aires tom\u00f3 intervenci\u00f3n y sancion\u00f3 a la empresa\u00a0Costa Azul, que brinda servicio en los partidos de General Madariaga, Pinamar, Villa Gesell y Mar Chiquita,\u00a0tras las quejas y denuncias formuladas por usuarios a causa de una suba unilateral en las tarifas.<\/p>\n\n\n\n<p class=\"wp-block-paragraph\">En este marco, en total se retiraron del servicio tres unidades en las que los agentes de la Direcci\u00f3n de Fiscalizaci\u00f3n del Transporte constataron distorsiones en los precios de los boletos.<\/p>\n\n\n\n<p class=\"wp-block-paragraph\">Los inspectores tambi\u00e9n procedieron con el labrado de actas de comprobaci\u00f3n correspondientes, en operativo desarrollados en la localidad de Santa Clara del Mar.<\/p>\n\n\n\n<p class=\"wp-block-paragraph\">En particular, se trata de servicios que unen los distritos costeros de General Madariaga con Pinamar y con Villa Gesell.<\/p>\n\n\n\n<p class=\"wp-block-paragraph\">\u00abLas medidas adoptadas no afectaron el servicio para que los pasajeros pueda realizar sus viajes sin conflicto\u00bb, se inform\u00f3 desde la cartera de Transporte que conduce\u00a0Jorge D&#8217;Onofrio.<\/p>\n","protected":false},"excerpt":{"rendered":"<p>El Ministerio<\/p>\n","protected":false},"author":1,"featured_media":39574,"comment_status":"closed","ping_status":"closed","sticky":false,"template":"","format":"standard","meta":{"footnotes":""},"categories":[5],"tags":[28,27],"class_list":["post-48387","post","type-post","status-publish","format-standard","has-post-thumbnail","hentry","category-provincia","tag-gba","tag-provincia"],"_links":{"self":[{"href":"https:\/\/panoramadelsur.com.ar\/index.php?rest_route=\/wp\/v2\/posts\/48387","targetHints":{"allow":["GET"]}}],"collection":[{"href":"https:\/\/panoramadelsur.com.ar\/index.php?rest_route=\/wp\/v2\/posts"}],"about":[{"href":"https:\/\/panoramadelsur.com.ar\/index.php?rest_route=\/wp\/v2\/types\/post"}],"author":[{"embeddable":true,"href":"https:\/\/panoramadelsur.com.ar\/index.php?rest_route=\/wp\/v2\/users\/1"}],"replies":[{"embeddable":true,"href":"https:\/\/panoramadelsur.com.ar\/index.php?rest_route=%2Fwp%2Fv2%2Fcomments&post=48387"}],"version-history":[{"count":1,"href":"https:\/\/panoramadelsur.com.ar\/index.php?rest_route=\/wp\/v2\/posts\/48387\/revisions"}],"predecessor-version":[{"id":48389,"href":"https:\/\/panoramadelsur.com.ar\/index.php?rest_route=\/wp\/v2\/posts\/48387\/revisions\/48389"}],"wp:featuredmedia":[{"embeddable":true,"href":"https:\/\/panoramadelsur.com.ar\/index.php?rest_route=\/wp\/v2\/media\/39574"}],"wp:attachment":[{"href":"https:\/\/panoramadelsur.com.ar\/index.php?rest_route=%2Fwp%2Fv2%2Fmedia&parent=48387"}],"wp:term":[{"taxonomy":"category","embeddable":true,"href":"https:\/\/panoramadelsur.com.ar\/index.php?rest_route=%2Fwp%2Fv2%2Fcategories&post=48387"},{"taxonomy":"post_tag","embeddable":true,"href":"https:\/\/panoramadelsur.com.ar\/index.php?rest_route=%2Fwp%2Fv2%2Ftags&post=48387"}],"curies":[{"name":"wp","href":"https:\/\/api.w.org\/{rel}","templated":true}]}}