{"id":48397,"date":"2024-01-03T01:06:00","date_gmt":"2024-01-03T04:06:00","guid":{"rendered":"https:\/\/panoramadelsur.com.ar\/?p=48397"},"modified":"2024-01-02T21:06:34","modified_gmt":"2024-01-03T00:06:34","slug":"la-provincia-puso-en-marcha-trabajo-bonaerense-2024","status":"publish","type":"post","link":"https:\/\/panoramadelsur.com.ar\/?p=48397","title":{"rendered":"LA PROVINCIA PUSO EN MARCHA \u00abTRABAJO BONAERENSE 2024\u00bb"},"content":{"rendered":"\n<p class=\"wp-block-paragraph\">El ministerio de Trabajo de la provincia de Buenos Aires present\u00f3 la edici\u00f3n 2024 de las tareas inspectivas \u201cTrabajo Bonaerense\u201d que se desarrollar\u00e1n durante 45 d\u00edas en las principales localidades tur\u00edsticas de la Costa Atl\u00e1ntica. M\u00e1s de 120 agentes de la cartera laboral constatar\u00e1n la correcta registraci\u00f3n de las y los trabajadores, y el cumplimiento de la normativa en materia de seguridad y salud laboral.<\/p>\n\n\n\n<p class=\"wp-block-paragraph\">En el Parque Ecol\u00f3gico de la ciudad de La Plata, el ministro de Trabajo Walter Correa puso en marcha \u201cTrabajo Bonaerense 2024\u201d. En el di\u00e1logo con las y los inspectores que recorrer\u00e1n los diferentes puestos de trabajo, Correa se\u00f1al\u00f3: \u201cLa voluntad del pueblo bonaerense es defender los derechos de las y los trabajadores, y nosotros, desde el Ministerio de Trabajo, somos la garant\u00eda de que ese mandato se cumpla\u201d. \u201cCon austeridad y con mucha firmeza vamos a hacer la campa\u00f1a de esta temporada\u201d, se\u00f1al\u00f3 el Ministro.<\/p>\n\n\n\n<p class=\"wp-block-paragraph\">Por su parte, el subsecretario de Inspecciones de Trabajo, Mariano Salom\u00f3n destac\u00f3 que en los meses previos al inicio de esta campa\u00f1a, desde la cartera laboral se mantuvieron reuniones informativas con las c\u00e1maras empresarias de los diferentes rubros para informar las caracter\u00edsticas de las inspecciones y los aspectos que se verificar\u00e1n. \u201cEsta campa\u00f1a ser\u00e1 exitosa si no tenemos que labrar ninguna infracci\u00f3n, porque en ese caso habremos comprobado que todas y todos los trabajadores est\u00e1n bien registrados. Las inspecciones no tienen un fin recaudatorio sino que buscan garantizar el cumplimiento de la normativa laboral y de salud y seguridad social\u201d, precis\u00f3 Salom\u00f3n.<\/p>\n\n\n\n<p class=\"wp-block-paragraph\">Participaron del acto, las y los miembros del gabinete del ministerio de Trabajo de la Provincia, la senadora provincial Mar\u00eda Rosa Mart\u00ednez y el concejal Cristian Vander.&nbsp;<\/p>\n\n\n\n<p class=\"wp-block-paragraph\">El cuerpo de 120 agentes de Trabajo comprobar\u00e1n las condiciones en materia laboral y de Salud, Seguridad e Higiene en rubros como comercio, hoteler\u00eda, gastronom\u00eda, transporte, balnearios y nocturnidad. Adem\u00e1s, se dar\u00e1 continuidad a las acciones de control sobre las empresas de transporte de media y larga distancia.<\/p>\n","protected":false},"excerpt":{"rendered":"<p>El ministerio<\/p>\n","protected":false},"author":1,"featured_media":39574,"comment_status":"closed","ping_status":"closed","sticky":false,"template":"","format":"standard","meta":{"footnotes":""},"categories":[5],"tags":[28,27],"class_list":["post-48397","post","type-post","status-publish","format-standard","has-post-thumbnail","hentry","category-provincia","tag-gba","tag-provincia"],"_links":{"self":[{"href":"https:\/\/panoramadelsur.com.ar\/index.php?rest_route=\/wp\/v2\/posts\/48397","targetHints":{"allow":["GET"]}}],"collection":[{"href":"https:\/\/panoramadelsur.com.ar\/index.php?rest_route=\/wp\/v2\/posts"}],"about":[{"href":"https:\/\/panoramadelsur.com.ar\/index.php?rest_route=\/wp\/v2\/types\/post"}],"author":[{"embeddable":true,"href":"https:\/\/panoramadelsur.com.ar\/index.php?rest_route=\/wp\/v2\/users\/1"}],"replies":[{"embeddable":true,"href":"https:\/\/panoramadelsur.com.ar\/index.php?rest_route=%2Fwp%2Fv2%2Fcomments&post=48397"}],"version-history":[{"count":1,"href":"https:\/\/panoramadelsur.com.ar\/index.php?rest_route=\/wp\/v2\/posts\/48397\/revisions"}],"predecessor-version":[{"id":48399,"href":"https:\/\/panoramadelsur.com.ar\/index.php?rest_route=\/wp\/v2\/posts\/48397\/revisions\/48399"}],"wp:featuredmedia":[{"embeddable":true,"href":"https:\/\/panoramadelsur.com.ar\/index.php?rest_route=\/wp\/v2\/media\/39574"}],"wp:attachment":[{"href":"https:\/\/panoramadelsur.com.ar\/index.php?rest_route=%2Fwp%2Fv2%2Fmedia&parent=48397"}],"wp:term":[{"taxonomy":"category","embeddable":true,"href":"https:\/\/panoramadelsur.com.ar\/index.php?rest_route=%2Fwp%2Fv2%2Fcategories&post=48397"},{"taxonomy":"post_tag","embeddable":true,"href":"https:\/\/panoramadelsur.com.ar\/index.php?rest_route=%2Fwp%2Fv2%2Ftags&post=48397"}],"curies":[{"name":"wp","href":"https:\/\/api.w.org\/{rel}","templated":true}]}}