{"id":48404,"date":"2024-01-03T01:09:00","date_gmt":"2024-01-03T04:09:00","guid":{"rendered":"https:\/\/panoramadelsur.com.ar\/?p=48404"},"modified":"2024-01-02T21:27:45","modified_gmt":"2024-01-03T00:27:45","slug":"se-sortea-el-torneo-de-la-primera-nacional-con-colon-y-otros-cuatro-retornos","status":"publish","type":"post","link":"https:\/\/panoramadelsur.com.ar\/?p=48404","title":{"rendered":"SE SORTEA EL TORNEO DE LA PRIMERA NACIONAL CON COL\u00d3N Y OTROS CUATRO RETORNOS"},"content":{"rendered":"\n<p class=\"wp-block-paragraph\">La Primera Nacional llevar\u00e1 adelante este mi\u00e9rcoles el sorteo del torneo 2024, que se jugar\u00e1 con el mismo organigrama del a\u00f1o pasado aunque con un integrante m\u00e1s que el de 2023, ya que contar\u00e1 con 38 participantes en vez de 37, repartidos en dos grupos de 19 con fechas libres y sin cl\u00e1sicos interzonales.<br>La novedad saliente es la del descendido Col\u00f3n, que se confirm\u00f3 oficialmente reci\u00e9n la semana pasada, y junto a \u00e9l perdi\u00f3 la categor\u00eda, pero por promedios, Arsenal, de Sarand\u00ed, ya que los santafesinos lo hab\u00edan hecho por tabla anual.<\/p>\n\n\n\n<p class=\"wp-block-paragraph\">Los otros tres retornados provienen de la Primera B en los casos de los ascendidos Talleres de Remedios de Escalada y San Miguel, y del Federal A, Gimnasia y Tiro de Salta.<\/p>\n\n\n\n<p class=\"wp-block-paragraph\">El sistema de ascensos a la Liga Profesional, dos en la temporada, se definir\u00e1 de igual manera que el a\u00f1o pasado, con el primero determinado por el vencedor de una final entre los ganadores de cada grupo y el otro saldr\u00e1 del que obtenga el Reducido al que clasificar\u00e1n del segundo al octavo de cada zona.<br>La competencia se iniciar\u00e1 el primer fin de semana de febrero, comprendida por el s\u00e1bado 3 y domingo 4.<br>Los 38 participantes del certamen ser\u00e1n los siguientes:<\/p>\n\n\n\n<p class=\"wp-block-paragraph\">Agropecuario, Aldosivi, All Boys, Almagro, Almirante Brown, Alvarado, Arsenal de Sarand\u00ed, Atlanta, G\u00fcemes de Santiago del Estero, Atl\u00e9tico de Rafaela, Brown (A), Brown (PM), Chacarita, Chaco For Ever, Col\u00f3n de Santa Fe, Defensores de Belgrano, Defensores Unidos, Deportivo Madryn y Deportivo Maip\u00fa, Deportivo Mor\u00f3n, Estudiantes (Buenos Aires), Estudiantes (R\u00edo Cuarto), Ferro Carril Oeste, Gimnasia (Jujuy), Gimnasia (Mendoza), Gimnasia de Salta, Mitre de Santiago del Estero, Nueva Chicago, Patronato (Paran\u00e1), Quilmes, Racing (C\u00f3rdoba), San Mart\u00edn (San Juan), San Mart\u00edn (Tucum\u00e1n), San Miguel, San Telmo, Talleres de Remedios de Escalada, Temperley y Trist\u00e1n Su\u00e1rez.<\/p>\n","protected":false},"excerpt":{"rendered":"<p>La Primera<\/p>\n","protected":false},"author":1,"featured_media":39574,"comment_status":"closed","ping_status":"closed","sticky":false,"template":"","format":"standard","meta":{"footnotes":""},"categories":[6],"tags":[22,23],"class_list":["post-48404","post","type-post","status-publish","format-standard","has-post-thumbnail","hentry","category-deportes","tag-futbol","tag-primera-nacional"],"_links":{"self":[{"href":"https:\/\/panoramadelsur.com.ar\/index.php?rest_route=\/wp\/v2\/posts\/48404","targetHints":{"allow":["GET"]}}],"collection":[{"href":"https:\/\/panoramadelsur.com.ar\/index.php?rest_route=\/wp\/v2\/posts"}],"about":[{"href":"https:\/\/panoramadelsur.com.ar\/index.php?rest_route=\/wp\/v2\/types\/post"}],"author":[{"embeddable":true,"href":"https:\/\/panoramadelsur.com.ar\/index.php?rest_route=\/wp\/v2\/users\/1"}],"replies":[{"embeddable":true,"href":"https:\/\/panoramadelsur.com.ar\/index.php?rest_route=%2Fwp%2Fv2%2Fcomments&post=48404"}],"version-history":[{"count":1,"href":"https:\/\/panoramadelsur.com.ar\/index.php?rest_route=\/wp\/v2\/posts\/48404\/revisions"}],"predecessor-version":[{"id":48406,"href":"https:\/\/panoramadelsur.com.ar\/index.php?rest_route=\/wp\/v2\/posts\/48404\/revisions\/48406"}],"wp:featuredmedia":[{"embeddable":true,"href":"https:\/\/panoramadelsur.com.ar\/index.php?rest_route=\/wp\/v2\/media\/39574"}],"wp:attachment":[{"href":"https:\/\/panoramadelsur.com.ar\/index.php?rest_route=%2Fwp%2Fv2%2Fmedia&parent=48404"}],"wp:term":[{"taxonomy":"category","embeddable":true,"href":"https:\/\/panoramadelsur.com.ar\/index.php?rest_route=%2Fwp%2Fv2%2Fcategories&post=48404"},{"taxonomy":"post_tag","embeddable":true,"href":"https:\/\/panoramadelsur.com.ar\/index.php?rest_route=%2Fwp%2Fv2%2Ftags&post=48404"}],"curies":[{"name":"wp","href":"https:\/\/api.w.org\/{rel}","templated":true}]}}