{"id":48407,"date":"2024-01-03T01:08:00","date_gmt":"2024-01-03T04:08:00","guid":{"rendered":"https:\/\/panoramadelsur.com.ar\/?p=48407"},"modified":"2024-01-02T21:41:09","modified_gmt":"2024-01-03T00:41:09","slug":"sebastian-prieto-esta-muy-cerca-de-convertirse-en-refuerzo-de-argentinos-juniors","status":"publish","type":"post","link":"https:\/\/panoramadelsur.com.ar\/?p=48407","title":{"rendered":"SEBASTI\u00c1N PRIETO EST\u00c1 MUY CERCA DE CONVERTIRSE EN REFUERZO DE ARGENTINOS JUNIORS"},"content":{"rendered":"\n<p class=\"wp-block-paragraph\">El lateral izquierdo Sebasti\u00e1n Prieto se convertir\u00e1 en el primer refuerzo de Argentinos Juniors, llega con el pase en su poder desde Tigre y firmar\u00e1 contrato por dos a\u00f1os, una vez superada la revisi\u00f3n m\u00e9dica.<\/p>\n\n\n\n<p class=\"wp-block-paragraph\">En la \u00faltima temporada en el Matador el defensor disput\u00f3 37 partidos entre Liga Profesional de F\u00fatbol, Liga Profesional y Copa Sudamericana. A lo largo de su estad\u00eda en Tigre fue campe\u00f3n de la Primera Nacional 2021 y disput\u00f3 124 encuentros, marc\u00f3 4 goles y asisti\u00f3 en 9 oportunidades.<\/p>\n\n\n\n<p class=\"wp-block-paragraph\">A su vez, tras la salida del delantero Gabriel Avalos a Independiente, el \u0093Bicho\u0094 busca reforzarse en dicha posici\u00f3n y uno de los jugadores que podr\u00eda llegar es Maximiliano Romero de Racing Club, ser\u00eda en condici\u00f3n de pr\u00e9stamo por un a\u00f1o y sin opci\u00f3n de compra.<\/p>\n\n\n\n<p class=\"wp-block-paragraph\">Otro que aparece en el radar, es Javier Correa, actualmente en Santos Laguna, de M\u00e9xico, el ex Racing tiene contrato en el equipo mexicano hasta junio de 2024.<\/p>\n\n\n\n<p class=\"wp-block-paragraph\">El equipo de Pablo Guede, desde el 26 de diciembre, se encuentra realizando la pretemporada en el Centro de Entrenamiento y Formaci\u00f3n del F\u00fatbol Amateur de la Asociaci\u00f3n Atl\u00e9tica Argentinos Juniors (CEFFA) en donde el s\u00e1bado 06 de enero se enfrentar\u00e1 al Melgar, de Per\u00fa, en lo que ser\u00e1 el primer encuentro de preparaci\u00f3n de cara al inicio de la Copa de la Liga. <\/p>\n","protected":false},"excerpt":{"rendered":"<p>El lateral<\/p>\n","protected":false},"author":1,"featured_media":39574,"comment_status":"closed","ping_status":"closed","sticky":false,"template":"","format":"standard","meta":{"footnotes":""},"categories":[6],"tags":[],"class_list":["post-48407","post","type-post","status-publish","format-standard","has-post-thumbnail","hentry","category-deportes"],"_links":{"self":[{"href":"https:\/\/panoramadelsur.com.ar\/index.php?rest_route=\/wp\/v2\/posts\/48407","targetHints":{"allow":["GET"]}}],"collection":[{"href":"https:\/\/panoramadelsur.com.ar\/index.php?rest_route=\/wp\/v2\/posts"}],"about":[{"href":"https:\/\/panoramadelsur.com.ar\/index.php?rest_route=\/wp\/v2\/types\/post"}],"author":[{"embeddable":true,"href":"https:\/\/panoramadelsur.com.ar\/index.php?rest_route=\/wp\/v2\/users\/1"}],"replies":[{"embeddable":true,"href":"https:\/\/panoramadelsur.com.ar\/index.php?rest_route=%2Fwp%2Fv2%2Fcomments&post=48407"}],"version-history":[{"count":1,"href":"https:\/\/panoramadelsur.com.ar\/index.php?rest_route=\/wp\/v2\/posts\/48407\/revisions"}],"predecessor-version":[{"id":48409,"href":"https:\/\/panoramadelsur.com.ar\/index.php?rest_route=\/wp\/v2\/posts\/48407\/revisions\/48409"}],"wp:featuredmedia":[{"embeddable":true,"href":"https:\/\/panoramadelsur.com.ar\/index.php?rest_route=\/wp\/v2\/media\/39574"}],"wp:attachment":[{"href":"https:\/\/panoramadelsur.com.ar\/index.php?rest_route=%2Fwp%2Fv2%2Fmedia&parent=48407"}],"wp:term":[{"taxonomy":"category","embeddable":true,"href":"https:\/\/panoramadelsur.com.ar\/index.php?rest_route=%2Fwp%2Fv2%2Fcategories&post=48407"},{"taxonomy":"post_tag","embeddable":true,"href":"https:\/\/panoramadelsur.com.ar\/index.php?rest_route=%2Fwp%2Fv2%2Ftags&post=48407"}],"curies":[{"name":"wp","href":"https:\/\/api.w.org\/{rel}","templated":true}]}}