{"id":48416,"date":"2024-01-03T01:06:00","date_gmt":"2024-01-03T04:06:00","guid":{"rendered":"https:\/\/panoramadelsur.com.ar\/?p=48416"},"modified":"2024-01-02T22:10:00","modified_gmt":"2024-01-03T01:10:00","slug":"demoras-en-la-implementacion-de-los-aumentos-en-las-tarifas-de-colectivos","status":"publish","type":"post","link":"https:\/\/panoramadelsur.com.ar\/?p=48416","title":{"rendered":"DEMORAS EN LA IMPLEMENTACI\u00d3N DE LOS AUMENTOS EN LAS TARIFAS DE COLECTIVOS"},"content":{"rendered":"\n<p class=\"wp-block-paragraph\">La actualizaci\u00f3n de las tarifas de colectivos en el \u00c1rea Metropolitana de Buenos Aires (AMBA), que comenz\u00f3 a regir formalmente el lunes, registra demoras y su instrumentaci\u00f3n se ver\u00e1 reflejada de manera manera paulatina durante los pr\u00f3ximos d\u00edas, indicaron fuentes de la Secretar\u00eda de Transporte de la Naci\u00f3n.<\/p>\n\n\n\n<p class=\"wp-block-paragraph\">\u201cLa actualizaci\u00f3n se est\u00e1 realizando durante estos d\u00edas, de a poco, porque se tienen que aplicar en las 18 mil validadoras del sistema SUBE que est\u00e1n en los colectivos del AMBA\u201d,\u00a0explicaron las fuentes.<\/p>\n\n\n\n<p class=\"wp-block-paragraph\">Aseguraron que esta demora \u201ces perfectamente normal\u201d y que esto es algo que tambi\u00e9n suele ocurrir \u201ccon los miles de molinetes de los trenes\u201d cuando se actualizan los montos de los pasajes.<\/p>\n\n\n\n<p class=\"wp-block-paragraph\">Durante la ma\u00f1ana del martes, el vicepresidente de la Asociaci\u00f3n Argentina de Empresas de Transporte Automotor (Aaeta), Luciano Fusaro dijo, en declaraciones radiales, que el ajuste de las tarifas, que\u00a0lleva el boleto m\u00ednimo a $76,92, \u201cpodr\u00eda retrasarse debido a que los nuevos cuadros tarifarios SUBE a\u00fan no han sido cargados en las validadoras de los colectivos\u201d.<\/p>\n\n\n\n<p class=\"wp-block-paragraph\">\u201cEs posible que el ajuste al nuevo cuadro tarifario que lleva el boleto m\u00ednimo a $76,92 demore algunos d\u00edas, ya que a\u00fan no han sido cargado los nuevos cuadros tarifarios SUBE en las validadoras de los colectivos\u201d, subray\u00f3 el directivo.<\/p>\n\n\n\n<p class=\"wp-block-paragraph\">\u201cNaci\u00f3n Servicios (que opera la tarjeta SUBE) es la que se ocupa de cargar los nuevos cuadros tarifarios. Estamos esperando que esa carga se vaya realizando y estimamos que paulatinamente se va a ir normalizando\u201d, agreg\u00f3 Fusaro.<\/p>\n\n\n\n<h2 class=\"wp-block-heading\">Nuevos importes del boleto<\/h2>\n\n\n\n<p class=\"wp-block-paragraph\">A partir del primer minuto del lunes 1 de enero, entr\u00f3 en vigencia en nuevo cuadro tarifario para los boletos de colectivo en el AMBA.<\/p>\n\n\n\n<p class=\"wp-block-paragraph\">El boleto m\u00ednimo, que cubre un trayecto de hasta 3 kil\u00f3metros, pas\u00f3 a costar $76,92; de 3 a 6 km, $85,69; de 6 a 12 km, $92,29; de 12 a 27 km, de $98,90: y de 27 a 45 km, $105,46.<\/p>\n\n\n\n<p class=\"wp-block-paragraph\">A causa de la demora en la implementaci\u00f3n, la primera secci\u00f3n sigue costando $52,96; la segunda secci\u00f3n, $59; y la tercera secci\u00f3n, $63,54, a modo de ejemplo.<\/p>\n\n\n\n<p class=\"wp-block-paragraph\">Adem\u00e1s del incremento en los boletos de colectivo, el Gobierno nacional anunci\u00f3 un\u00a0aumento del 45% en las tarifas de trenes\u00a0del \u00c1rea Metropolitana de Buenos Aires (AMBA), que entrar\u00e1 en vigor a partir del 15 de enero de 2024, que comprender\u00e1 a los usuarios de las l\u00edneas Mitre, Sarmiento, San Mart\u00edn, Roca, Belgrano y Urquiza.<\/p>\n","protected":false},"excerpt":{"rendered":"<p>La actualizaci\u00f3n<\/p>\n","protected":false},"author":1,"featured_media":39574,"comment_status":"closed","ping_status":"closed","sticky":false,"template":"","format":"standard","meta":{"footnotes":""},"categories":[4],"tags":[59],"class_list":["post-48416","post","type-post","status-publish","format-standard","has-post-thumbnail","hentry","category-nacionales","tag-nacionales"],"_links":{"self":[{"href":"https:\/\/panoramadelsur.com.ar\/index.php?rest_route=\/wp\/v2\/posts\/48416","targetHints":{"allow":["GET"]}}],"collection":[{"href":"https:\/\/panoramadelsur.com.ar\/index.php?rest_route=\/wp\/v2\/posts"}],"about":[{"href":"https:\/\/panoramadelsur.com.ar\/index.php?rest_route=\/wp\/v2\/types\/post"}],"author":[{"embeddable":true,"href":"https:\/\/panoramadelsur.com.ar\/index.php?rest_route=\/wp\/v2\/users\/1"}],"replies":[{"embeddable":true,"href":"https:\/\/panoramadelsur.com.ar\/index.php?rest_route=%2Fwp%2Fv2%2Fcomments&post=48416"}],"version-history":[{"count":1,"href":"https:\/\/panoramadelsur.com.ar\/index.php?rest_route=\/wp\/v2\/posts\/48416\/revisions"}],"predecessor-version":[{"id":48418,"href":"https:\/\/panoramadelsur.com.ar\/index.php?rest_route=\/wp\/v2\/posts\/48416\/revisions\/48418"}],"wp:featuredmedia":[{"embeddable":true,"href":"https:\/\/panoramadelsur.com.ar\/index.php?rest_route=\/wp\/v2\/media\/39574"}],"wp:attachment":[{"href":"https:\/\/panoramadelsur.com.ar\/index.php?rest_route=%2Fwp%2Fv2%2Fmedia&parent=48416"}],"wp:term":[{"taxonomy":"category","embeddable":true,"href":"https:\/\/panoramadelsur.com.ar\/index.php?rest_route=%2Fwp%2Fv2%2Fcategories&post=48416"},{"taxonomy":"post_tag","embeddable":true,"href":"https:\/\/panoramadelsur.com.ar\/index.php?rest_route=%2Fwp%2Fv2%2Ftags&post=48416"}],"curies":[{"name":"wp","href":"https:\/\/api.w.org\/{rel}","templated":true}]}}