{"id":48419,"date":"2024-01-03T01:03:00","date_gmt":"2024-01-03T04:03:00","guid":{"rendered":"https:\/\/panoramadelsur.com.ar\/?p=48419"},"modified":"2024-01-02T22:25:41","modified_gmt":"2024-01-03T01:25:41","slug":"nuevas-designaciones-en-la-cupula-policial-local","status":"publish","type":"post","link":"https:\/\/panoramadelsur.com.ar\/?p=48419","title":{"rendered":"NUEVAS DESIGNACIONES EN LA C\u00daPULA POLICIAL LOCAL"},"content":{"rendered":"\n<p class=\"wp-block-paragraph\">El Municipio de Quilmes inform\u00f3 que en una labor conjunta con el Ministerio de Seguridad de la Provincia de Buenos Aires, se llevaron a cabo nuevas designaciones en la c\u00fapula policial local para fortalecer la seguridad del distrito y responder a las necesidades de los vecinos.<\/p>\n\n\n\n<p class=\"wp-block-paragraph\">En este sentido, los cambios persiguen como objetivo primordial, optimizar la estrategia operativa para garantizar un entorno m\u00e1s seguro y protegido para todos los habitantes de nuestra ciudad. Fueron modificados los titulares de la Estaci\u00f3n de Polic\u00eda Departamental de Seguridad (EPDS), la Sub EPDS, la Polic\u00eda Local y el Comando de Patrullas, adem\u00e1s del titular de las comisar\u00edas Quilmes 1\u00aa y Quilmes 9\u00aa.<\/p>\n\n\n\n<p class=\"wp-block-paragraph\">La determinaci\u00f3n de estas modificaciones se gest\u00f3 en articulaci\u00f3n con las autoridades locales, mediante la Secretar\u00eda de Seguridad y Ordenamiento Urbano local, el Ministerio de Seguridad y la Jefatura de la Polic\u00eda de la Provincia, con el firme prop\u00f3sito de atender las necesidades m\u00e1s apremiantes de la comunidad.<\/p>\n\n\n\n<p class=\"wp-block-paragraph\">En este sentido, la EPDS Quilmes, qued\u00f3 a cargo del comisario inspector Eduardo Arancibia, y en la Sub EPDS de Polic\u00eda, fue designado el comisario Marcelo Aranda.<\/p>\n\n\n\n<p class=\"wp-block-paragraph\">A su vez, el comisario Pablo Belisan fue designado a cargo del Comando de Patrullas Quilmes. Asimismo, la Unidad de Prevenci\u00f3n de Polic\u00eda Local qued\u00f3 a cargo de la comisaria Valeria Ju\u00e1rez. Finalmente, el comisario Ariel Fiordilino fue designado 2\u00ba Jefe Departamental Quilmes.<\/p>\n\n\n\n<p class=\"wp-block-paragraph\">En este marco, el comisario Javier Paola fue puesto al frente de la seccional Quilmes 1\u00aa, y la comisaria Ana Segovia, al frente de la seccional Quilmes 9\u00aa.<\/p>\n\n\n\n<p class=\"wp-block-paragraph\">Fuentes oficiales informaron que no se descartan mayores cambios con el prop\u00f3sito de optimizar las estrategias de prevenci\u00f3n del delito en el distrito.<\/p>\n","protected":false},"excerpt":{"rendered":"<p>El Municipio<\/p>\n","protected":false},"author":1,"featured_media":39574,"comment_status":"closed","ping_status":"closed","sticky":false,"template":"","format":"standard","meta":{"footnotes":""},"categories":[1,2],"tags":[35,17],"class_list":["post-48419","post","type-post","status-publish","format-standard","has-post-thumbnail","hentry","category-destacados","category-quilmes","tag-municipio-de-quilmes","tag-quilmes"],"_links":{"self":[{"href":"https:\/\/panoramadelsur.com.ar\/index.php?rest_route=\/wp\/v2\/posts\/48419","targetHints":{"allow":["GET"]}}],"collection":[{"href":"https:\/\/panoramadelsur.com.ar\/index.php?rest_route=\/wp\/v2\/posts"}],"about":[{"href":"https:\/\/panoramadelsur.com.ar\/index.php?rest_route=\/wp\/v2\/types\/post"}],"author":[{"embeddable":true,"href":"https:\/\/panoramadelsur.com.ar\/index.php?rest_route=\/wp\/v2\/users\/1"}],"replies":[{"embeddable":true,"href":"https:\/\/panoramadelsur.com.ar\/index.php?rest_route=%2Fwp%2Fv2%2Fcomments&post=48419"}],"version-history":[{"count":1,"href":"https:\/\/panoramadelsur.com.ar\/index.php?rest_route=\/wp\/v2\/posts\/48419\/revisions"}],"predecessor-version":[{"id":48421,"href":"https:\/\/panoramadelsur.com.ar\/index.php?rest_route=\/wp\/v2\/posts\/48419\/revisions\/48421"}],"wp:featuredmedia":[{"embeddable":true,"href":"https:\/\/panoramadelsur.com.ar\/index.php?rest_route=\/wp\/v2\/media\/39574"}],"wp:attachment":[{"href":"https:\/\/panoramadelsur.com.ar\/index.php?rest_route=%2Fwp%2Fv2%2Fmedia&parent=48419"}],"wp:term":[{"taxonomy":"category","embeddable":true,"href":"https:\/\/panoramadelsur.com.ar\/index.php?rest_route=%2Fwp%2Fv2%2Fcategories&post=48419"},{"taxonomy":"post_tag","embeddable":true,"href":"https:\/\/panoramadelsur.com.ar\/index.php?rest_route=%2Fwp%2Fv2%2Ftags&post=48419"}],"curies":[{"name":"wp","href":"https:\/\/api.w.org\/{rel}","templated":true}]}}