{"id":48422,"date":"2024-01-03T01:08:00","date_gmt":"2024-01-03T04:08:00","guid":{"rendered":"https:\/\/panoramadelsur.com.ar\/?p=48422"},"modified":"2024-01-03T01:57:00","modified_gmt":"2024-01-03T04:57:00","slug":"convocan-a-asamblea-abierta-a-toda-la-comunidad-teatral","status":"publish","type":"post","link":"https:\/\/panoramadelsur.com.ar\/?p=48422","title":{"rendered":"CONVOCAN A ASAMBLEA ABIERTA A TODA LA COMUNIDAD TEATRAL"},"content":{"rendered":"\n<p class=\"wp-block-paragraph\">La organizaci\u00f3n teatral ESTESUR convoca a una asamblea abierta a toda la comunidad teatral de Quilmes, Berazategui, Florencio Varela y Avellaneda.<br>La cita es este mi\u00e9rcoles 3 de enero a las 17en el Espacio Marcaras Calle. 893 N\u00b0 3758, San Francisco Solano.<br>La misma ser\u00e1 para pensar l\u00edneas de acci\u00f3n y propuestas, en rechazo al \u00abProyecto de Ley \u00d3mnibus\u00bb que \u00abdesfinancia espacios como el Instituto Nacional del Teatro y el Fondo Nacional de Las Artes\u00bb.<\/p>\n\n\n\n<p class=\"wp-block-paragraph\">En ese marco, los organizadores expresaron \u00abacompa\u00f1aremos la jornada frente al Congreso Nacional, el pr\u00f3ximo 4 de enero\u00bb.<\/p>\n","protected":false},"excerpt":{"rendered":"<p>La organizaci\u00f3n<\/p>\n","protected":false},"author":1,"featured_media":39574,"comment_status":"closed","ping_status":"closed","sticky":false,"template":"","format":"standard","meta":{"footnotes":""},"categories":[2],"tags":[17],"class_list":["post-48422","post","type-post","status-publish","format-standard","has-post-thumbnail","hentry","category-quilmes","tag-quilmes"],"_links":{"self":[{"href":"https:\/\/panoramadelsur.com.ar\/index.php?rest_route=\/wp\/v2\/posts\/48422","targetHints":{"allow":["GET"]}}],"collection":[{"href":"https:\/\/panoramadelsur.com.ar\/index.php?rest_route=\/wp\/v2\/posts"}],"about":[{"href":"https:\/\/panoramadelsur.com.ar\/index.php?rest_route=\/wp\/v2\/types\/post"}],"author":[{"embeddable":true,"href":"https:\/\/panoramadelsur.com.ar\/index.php?rest_route=\/wp\/v2\/users\/1"}],"replies":[{"embeddable":true,"href":"https:\/\/panoramadelsur.com.ar\/index.php?rest_route=%2Fwp%2Fv2%2Fcomments&post=48422"}],"version-history":[{"count":1,"href":"https:\/\/panoramadelsur.com.ar\/index.php?rest_route=\/wp\/v2\/posts\/48422\/revisions"}],"predecessor-version":[{"id":48424,"href":"https:\/\/panoramadelsur.com.ar\/index.php?rest_route=\/wp\/v2\/posts\/48422\/revisions\/48424"}],"wp:featuredmedia":[{"embeddable":true,"href":"https:\/\/panoramadelsur.com.ar\/index.php?rest_route=\/wp\/v2\/media\/39574"}],"wp:attachment":[{"href":"https:\/\/panoramadelsur.com.ar\/index.php?rest_route=%2Fwp%2Fv2%2Fmedia&parent=48422"}],"wp:term":[{"taxonomy":"category","embeddable":true,"href":"https:\/\/panoramadelsur.com.ar\/index.php?rest_route=%2Fwp%2Fv2%2Fcategories&post=48422"},{"taxonomy":"post_tag","embeddable":true,"href":"https:\/\/panoramadelsur.com.ar\/index.php?rest_route=%2Fwp%2Fv2%2Ftags&post=48422"}],"curies":[{"name":"wp","href":"https:\/\/api.w.org\/{rel}","templated":true}]}}