{"id":48425,"date":"2024-01-03T01:08:00","date_gmt":"2024-01-03T04:08:00","guid":{"rendered":"https:\/\/panoramadelsur.com.ar\/?p=48425"},"modified":"2024-01-02T23:57:09","modified_gmt":"2024-01-03T02:57:09","slug":"murio-adrian-serantoni-uno-de-los-creadores-de-pasion-de-sabado","status":"publish","type":"post","link":"https:\/\/panoramadelsur.com.ar\/?p=48425","title":{"rendered":"MURI\u00d3 EN QUILMES, ADRI\u00c1N SERANTONI, UNO DE LOS CREADORES DE \u00abPASI\u00d3N DE S\u00c1BADO\u00bb"},"content":{"rendered":"\n<p class=\"wp-block-paragraph\">Adri\u00e1n Serantoni, productor y creador, junto a su hermano Pablo, del ciclo de m\u00fasica\u00a0\u00abPasi\u00f3n de S\u00e1bado\u00bb\u00a0(Am\u00e9rica TV), ganador del Mart\u00edn Fierro en 2017, falleci\u00f3 ayer martes a los 59 a\u00f1os como consecuencia de un infarto, informaron fuentes del canal.<\/p>\n\n\n\n<p class=\"wp-block-paragraph\">El productor se encontraba internado en la cl\u00ednica Trinidad de la localidad de Quilmes.<\/p>\n\n\n\n<p class=\"wp-block-paragraph\">Sus restos ser\u00e1n velados este mi\u00e9rcoles en Velatorios Congreso, Avenida Congreso 5252, del barrio porte\u00f1o de Villa Urquiza, entre las 10 y 14 horas.<\/p>\n\n\n\n<p class=\"wp-block-paragraph\">Pablo y Adri\u00e1n Serantoni hab\u00edan trabajado, entre m\u00e1s, con la cantante Karina, \u00abLa Princesita\u00bb, quien tuvo un conflicto con los productores derivado de diferentes juicios iniciados por m\u00fasicos de su banda.<\/p>\n","protected":false},"excerpt":{"rendered":"<p>Adri\u00e1n Serantoni,<\/p>\n","protected":false},"author":1,"featured_media":39574,"comment_status":"closed","ping_status":"closed","sticky":false,"template":"","format":"standard","meta":{"footnotes":""},"categories":[2],"tags":[17],"class_list":["post-48425","post","type-post","status-publish","format-standard","has-post-thumbnail","hentry","category-quilmes","tag-quilmes"],"_links":{"self":[{"href":"https:\/\/panoramadelsur.com.ar\/index.php?rest_route=\/wp\/v2\/posts\/48425","targetHints":{"allow":["GET"]}}],"collection":[{"href":"https:\/\/panoramadelsur.com.ar\/index.php?rest_route=\/wp\/v2\/posts"}],"about":[{"href":"https:\/\/panoramadelsur.com.ar\/index.php?rest_route=\/wp\/v2\/types\/post"}],"author":[{"embeddable":true,"href":"https:\/\/panoramadelsur.com.ar\/index.php?rest_route=\/wp\/v2\/users\/1"}],"replies":[{"embeddable":true,"href":"https:\/\/panoramadelsur.com.ar\/index.php?rest_route=%2Fwp%2Fv2%2Fcomments&post=48425"}],"version-history":[{"count":2,"href":"https:\/\/panoramadelsur.com.ar\/index.php?rest_route=\/wp\/v2\/posts\/48425\/revisions"}],"predecessor-version":[{"id":48428,"href":"https:\/\/panoramadelsur.com.ar\/index.php?rest_route=\/wp\/v2\/posts\/48425\/revisions\/48428"}],"wp:featuredmedia":[{"embeddable":true,"href":"https:\/\/panoramadelsur.com.ar\/index.php?rest_route=\/wp\/v2\/media\/39574"}],"wp:attachment":[{"href":"https:\/\/panoramadelsur.com.ar\/index.php?rest_route=%2Fwp%2Fv2%2Fmedia&parent=48425"}],"wp:term":[{"taxonomy":"category","embeddable":true,"href":"https:\/\/panoramadelsur.com.ar\/index.php?rest_route=%2Fwp%2Fv2%2Fcategories&post=48425"},{"taxonomy":"post_tag","embeddable":true,"href":"https:\/\/panoramadelsur.com.ar\/index.php?rest_route=%2Fwp%2Fv2%2Ftags&post=48425"}],"curies":[{"name":"wp","href":"https:\/\/api.w.org\/{rel}","templated":true}]}}