{"id":48435,"date":"2024-01-03T01:08:00","date_gmt":"2024-01-03T04:08:00","guid":{"rendered":"https:\/\/panoramadelsur.com.ar\/?p=48435"},"modified":"2024-01-03T00:08:17","modified_gmt":"2024-01-03T03:08:17","slug":"diputados-define-comisiones-clave-mientras-en-el-senado-arrancara-debate-por-boleta-unica","status":"publish","type":"post","link":"https:\/\/panoramadelsur.com.ar\/?p=48435","title":{"rendered":"DIPUTADOS DEFINE COMISIONES CLAVE, MIENTRAS EN EL SENADO ARRANCAR\u00c1 DEBATE POR BOLETA \u00daNICA"},"content":{"rendered":"\n<p class=\"wp-block-paragraph\">La\u00a0C\u00e1mara de Diputados\u00a0iniciar\u00e1 el jueves la conformaci\u00f3n de las cuatro comisiones clave que analizar\u00e1n la ley \u00f3mnibus, mientras el Senado comenzar\u00e1 este mi\u00e9rcoles, en un plenario de comisiones, el tratamiento del proyecto de\u00a0Boleta \u00danica de Papel (BUP), que ya cuenta con media sanci\u00f3n de la\u00a0C\u00e1mara baja.<\/p>\n\n\n\n<p class=\"wp-block-paragraph\">En las pr\u00f3ximas horas se formalizar\u00e1 la citaci\u00f3n para el jueves de las comisiones de Presupuesto y Hacienda (12.30), Asuntos Constitucionales (13.30), Legislaci\u00f3n General (14.30), Relaciones Exteriores (15.30) y Juicio Pol\u00edtico (16.30), las cuatro primeras para an\u00e1lisis de los 11 proyectos incluidos en el temario de sesiones extraordinarias, y la \u00faltima por su condici\u00f3n estrat\u00e9gica desde el punto de vista pol\u00edtica.<\/p>\n\n\n\n<p class=\"wp-block-paragraph\">Si bien fuentes de la\u00a0Presidencia de la C\u00e1mara\u00a0baja anticiparon este cronograma, evitaron referirse a la cantidad de representantes que cada espacio pol\u00edtico tendr\u00e1 en la mismas, lo que puede llegar a generar alg\u00fan tipo de controversia en jornada del jueves.<\/p>\n\n\n\n<p class=\"wp-block-paragraph\">Se da por descontado que las cinco comisiones estar\u00e1n encabezadas por legisladores oficialistas o aliados, aunque no se confirmaron los nombres y fuentes parlamentarias coinciden en que Asuntos Constitucionales estar\u00eda a cargo de\u00a0Nicol\u00e1s Mayoraz\u00a0(LLA-Santa Fe); Presupuesto y Hacienda por el economista\u00a0Jos\u00e9 Luis Espert\u00a0(Avanza Libertad); Relaciones Exteriores en manos del legislador del PRO\u00a0Fernando Iglesias, y Legislaci\u00f3n General, por\u00a0Gabriel Bornoroni\u00a0(LLA-C\u00f3rdoba).<\/p>\n\n\n\n<p class=\"wp-block-paragraph\">El retraso en la definici\u00f3n de las comisiones hizo bajar las expectativas de algunos diputados de LLA que ten\u00edan la idea de que esta misma semana se pudiera convocar a un plenario para recibir a funcionarios del Gobierno con el objetivo de que expongan los alcances de los puntos m\u00e1s importantes de la ley enviada por el Gobierno de\u00a0Javier Milei\u00a0la semana pasada.<\/p>\n\n\n\n<p class=\"wp-block-paragraph\">De hecho, las fuentes estiman que tras varias semanas de debate el proyecto puede llegar a discutirse en el recinto en una sesi\u00f3n que el oficialismo aspira a convocar para el 25 de enero pr\u00f3ximo.<\/p>\n\n\n\n<p class=\"wp-block-paragraph\">A la vez, afirmaron que es probable que el debate por el\u00a0DNU\u00a0que tiene que ser tratado por la comisi\u00f3n bicameral de Tr\u00e1mite Parlamentario, que a\u00fan no se conform\u00f3 en su totalidad, podr\u00eda ser abordado reci\u00e9n en marzo.<\/p>\n\n\n\n<p class=\"wp-block-paragraph\">En ese sentido, los portavoces no descartaron que durante el proceso de sesiones extraordinarias que concluye el 31 de enero el Poder Ejecutivo env\u00ede otra serie de leyes, aunque no confirmaron que se pueda llegar con los tiempos a debatir antes del inicio de las ordinarias que comienzan el 1\u00ba de marzo o bien se resuelva extender el plazo de extraordinarias durante febrero.<\/p>\n\n\n\n<p class=\"wp-block-paragraph\">En cuanto al an\u00e1lisis de los puntos incluidos en la ley \u00f3mnibus, en la tarde de hoy la ministra de Capital Humano,\u00a0Sandra Pettovello, expuso ante los diputados de LLA, junto a los funcionarios que integran su \u00e1rea.<\/p>\n\n\n\n<p class=\"wp-block-paragraph\">Por su parte, en el Senado, las comisiones de Justicia y Asuntos Penales y de Asuntos Constitucionales debatir\u00e1n el proyecto de\u00a0Ley de Boleta \u00danica de Papel (BUP)\u00a0que ya fue aprobado a mediados de 2022 por Diputados.<\/p>\n\n\n\n<p class=\"wp-block-paragraph\">En tanto, las comisiones de Relaciones Exteriores y de Presupuesto y Hacienda avanzar\u00e1n con la discusi\u00f3n de varios tratados internacionales firmados durante el gobierno de\u00a0Mauricio Macri.<\/p>\n\n\n\n<p class=\"wp-block-paragraph\">La semana pasada, Libertad Avanza y los bloques no kirchneristas designaron a los legisladores que integrar\u00e1n las comisiones que trabajar\u00e1n durante el per\u00edodo de sesiones extraordinarias, en tanto que Uni\u00f3n por la Patria (UxP) reci\u00e9n lo hizo hoy, por lo que la vicepresidenta\u00a0Victoria Villarruel\u00a0firm\u00f3 el Decreto Presidencial Parlamentario (DPP) 1\/24 incorporando a esos legisladores.<\/p>\n\n\n\n<p class=\"wp-block-paragraph\">El viernes,\u00a0Villarruel\u00a0hab\u00eda promulgado los DPP 46\/23 y 47\/23, confirmando que el oficialismo y los dem\u00e1s bloques no kirchneristas tendr\u00e1n la mayor\u00eda en cada una de las ocho comisiones informadas.<\/p>\n\n\n\n<p class=\"wp-block-paragraph\">Entonces, el UxP hab\u00eda decidido no enviar el listado de sus integrantes por considerar que, por ser la primera minor\u00eda parlamentaria, deber\u00eda otorg\u00e1rsele la mayor\u00eda.<\/p>\n\n\n\n<p class=\"wp-block-paragraph\">Pero la bancada encabezada por\u00a0Jos\u00e9 Mayans\u00a0decidi\u00f3 enviar el listado de sus representantes para las comisiones de Acuerdos, Asuntos Constitucionales, Justicia y Asuntos Penales, Relaciones Exteriores, Presupuesto y Hacienda, Legislaci\u00f3n General y Asuntos Administrativos y Municipales.<\/p>\n\n\n\n<p class=\"wp-block-paragraph\">Ya hab\u00edan presentado a quienes tomar\u00e1n parte de la Comisi\u00f3n Bicameral de Tr\u00e1mite Legislativo que debe analizar los Decretos de Necesidad y Urgencia (DNU), en la que ocupar\u00e1n tres de los ocho lugares que le corresponde al Senado.<\/p>\n\n\n\n<p class=\"wp-block-paragraph\">La decisi\u00f3n de entregar 10 sobre 17 y 11 sobre 19 integrantes de cada comisi\u00f3n al no kirchnerismo fue tomada por el pleno en la sesi\u00f3n del 13 de diciembre y respaldada por una mayor\u00eda de 39 votos contra 29 del UxP.<\/p>\n\n\n\n<p class=\"wp-block-paragraph\">La intenci\u00f3n del oficialismo es constituir, al menos, cuatro de los siete organismos ma\u00f1ana para poder sesionar el mi\u00e9rcoles 10 o el jueves 11 de enero.<\/p>\n\n\n\n<p class=\"wp-block-paragraph\">Para presidir Acuerdos ser\u00e1 elegida la porte\u00f1a\u00a0Guadalupe Tagliaferri\u00a0(PRO); para Legislaci\u00f3n General, el oficialista puntano\u00a0Bartolom\u00e9 Abdala, y para Asuntos Administrativos y Municipales, el radical pampeano\u00a0Daniel Kroneberger.<\/p>\n","protected":false},"excerpt":{"rendered":"<p>La\u00a0C\u00e1mara de<\/p>\n","protected":false},"author":1,"featured_media":39574,"comment_status":"closed","ping_status":"closed","sticky":false,"template":"","format":"standard","meta":{"footnotes":""},"categories":[4],"tags":[59],"class_list":["post-48435","post","type-post","status-publish","format-standard","has-post-thumbnail","hentry","category-nacionales","tag-nacionales"],"_links":{"self":[{"href":"https:\/\/panoramadelsur.com.ar\/index.php?rest_route=\/wp\/v2\/posts\/48435","targetHints":{"allow":["GET"]}}],"collection":[{"href":"https:\/\/panoramadelsur.com.ar\/index.php?rest_route=\/wp\/v2\/posts"}],"about":[{"href":"https:\/\/panoramadelsur.com.ar\/index.php?rest_route=\/wp\/v2\/types\/post"}],"author":[{"embeddable":true,"href":"https:\/\/panoramadelsur.com.ar\/index.php?rest_route=\/wp\/v2\/users\/1"}],"replies":[{"embeddable":true,"href":"https:\/\/panoramadelsur.com.ar\/index.php?rest_route=%2Fwp%2Fv2%2Fcomments&post=48435"}],"version-history":[{"count":1,"href":"https:\/\/panoramadelsur.com.ar\/index.php?rest_route=\/wp\/v2\/posts\/48435\/revisions"}],"predecessor-version":[{"id":48437,"href":"https:\/\/panoramadelsur.com.ar\/index.php?rest_route=\/wp\/v2\/posts\/48435\/revisions\/48437"}],"wp:featuredmedia":[{"embeddable":true,"href":"https:\/\/panoramadelsur.com.ar\/index.php?rest_route=\/wp\/v2\/media\/39574"}],"wp:attachment":[{"href":"https:\/\/panoramadelsur.com.ar\/index.php?rest_route=%2Fwp%2Fv2%2Fmedia&parent=48435"}],"wp:term":[{"taxonomy":"category","embeddable":true,"href":"https:\/\/panoramadelsur.com.ar\/index.php?rest_route=%2Fwp%2Fv2%2Fcategories&post=48435"},{"taxonomy":"post_tag","embeddable":true,"href":"https:\/\/panoramadelsur.com.ar\/index.php?rest_route=%2Fwp%2Fv2%2Ftags&post=48435"}],"curies":[{"name":"wp","href":"https:\/\/api.w.org\/{rel}","templated":true}]}}