{"id":48441,"date":"2024-01-03T01:02:00","date_gmt":"2024-01-03T04:02:00","guid":{"rendered":"https:\/\/panoramadelsur.com.ar\/?p=48441"},"modified":"2024-01-03T00:24:23","modified_gmt":"2024-01-03T03:24:23","slug":"continua-el-trailer-del-registro-nacional-de-las-personas-en-florencio-varela-2","status":"publish","type":"post","link":"https:\/\/panoramadelsur.com.ar\/?p=48441","title":{"rendered":"CONTIN\u00daA EL TR\u00c1ILER DEL REGISTRO NACIONAL DE LAS PERSONAS EN FLORENCIO VARELA"},"content":{"rendered":"\n<p class=\"wp-block-paragraph\">Vecinos y vecinas podr\u00e1n realizar gestiones vinculadas al ReNaPer durante enero en su unidad m\u00f3vil instalada en la plaza San Juan Bautista, calle 25 de Mayo en su intersecci\u00f3n con Maip\u00fa, de lunes a viernes a 8 a 14 hs.<\/p>\n\n\n\n<p class=\"wp-block-paragraph\">\u201cPor la determinaci\u00f3n de nuestro mandatario comunal -Andr\u00e9s Watson- sostenemos esta iniciativa en el tiempo para brindar a la ciudadan\u00eda un servicio indispensable como la tramitaci\u00f3n del Documento Nacional de Identidad: la \u00fanica forma de acceder a derechos esenciales\u201d, afirma sobre la propuesta el subsecretario de Gobierno, Mat\u00edas Schneeberger.<\/p>\n\n\n\n<p class=\"wp-block-paragraph\">Los turnos deben solicitarse por la aplicaci\u00f3n para dispositivos m\u00f3viles \u201cMi Argentina\u201d, a trav\u00e9s de la p\u00e1gina web perteneciente al organismo federal o en el stand de asesoramiento en el lugar donde reservar una vacante que ser\u00e1 asignada en los siguientes d\u00edas.<\/p>\n","protected":false},"excerpt":{"rendered":"<p>Vecinos y<\/p>\n","protected":false},"author":1,"featured_media":39574,"comment_status":"closed","ping_status":"closed","sticky":false,"template":"","format":"standard","meta":{"footnotes":""},"categories":[8,3],"tags":[30],"class_list":["post-48441","post","type-post","status-publish","format-standard","has-post-thumbnail","hentry","category-para-agendar","category-regionales","tag-varela"],"_links":{"self":[{"href":"https:\/\/panoramadelsur.com.ar\/index.php?rest_route=\/wp\/v2\/posts\/48441","targetHints":{"allow":["GET"]}}],"collection":[{"href":"https:\/\/panoramadelsur.com.ar\/index.php?rest_route=\/wp\/v2\/posts"}],"about":[{"href":"https:\/\/panoramadelsur.com.ar\/index.php?rest_route=\/wp\/v2\/types\/post"}],"author":[{"embeddable":true,"href":"https:\/\/panoramadelsur.com.ar\/index.php?rest_route=\/wp\/v2\/users\/1"}],"replies":[{"embeddable":true,"href":"https:\/\/panoramadelsur.com.ar\/index.php?rest_route=%2Fwp%2Fv2%2Fcomments&post=48441"}],"version-history":[{"count":1,"href":"https:\/\/panoramadelsur.com.ar\/index.php?rest_route=\/wp\/v2\/posts\/48441\/revisions"}],"predecessor-version":[{"id":48442,"href":"https:\/\/panoramadelsur.com.ar\/index.php?rest_route=\/wp\/v2\/posts\/48441\/revisions\/48442"}],"wp:featuredmedia":[{"embeddable":true,"href":"https:\/\/panoramadelsur.com.ar\/index.php?rest_route=\/wp\/v2\/media\/39574"}],"wp:attachment":[{"href":"https:\/\/panoramadelsur.com.ar\/index.php?rest_route=%2Fwp%2Fv2%2Fmedia&parent=48441"}],"wp:term":[{"taxonomy":"category","embeddable":true,"href":"https:\/\/panoramadelsur.com.ar\/index.php?rest_route=%2Fwp%2Fv2%2Fcategories&post=48441"},{"taxonomy":"post_tag","embeddable":true,"href":"https:\/\/panoramadelsur.com.ar\/index.php?rest_route=%2Fwp%2Fv2%2Ftags&post=48441"}],"curies":[{"name":"wp","href":"https:\/\/api.w.org\/{rel}","templated":true}]}}