{"id":48443,"date":"2024-01-03T01:07:00","date_gmt":"2024-01-03T04:07:00","guid":{"rendered":"https:\/\/panoramadelsur.com.ar\/?p=48443"},"modified":"2024-01-03T00:21:00","modified_gmt":"2024-01-03T03:21:00","slug":"talleres-de-verano-en-la-casa-de-la-cultura-varelense-iniciaron-las-clases-de-tango","status":"publish","type":"post","link":"https:\/\/panoramadelsur.com.ar\/?p=48443","title":{"rendered":"TALLERES DE VERANO EN LA CASA DE LA CULTURA VARELENSE: INICIARON LAS CLASES DE TANGO"},"content":{"rendered":"\n<p class=\"wp-block-paragraph\">La cursada en los seminarios gratuitos y abiertos a toda la ciudadan\u00eda que program\u00f3 la Comuna durante la temporada veraniega comenz\u00f3 el primer martes de enero al ritmo de la m\u00fasica ciudadana en la dependencia municipal ubicada en calle Mitre N\u00ba149.<\/p>\n\n\n\n<p class=\"wp-block-paragraph\">La docente a cargo del curso sobre tango -Elena Parlatore- diagram\u00f3 dos grupos en turnos consecutivos con encuentros semanales: de 10 a 12 hs. el primero; el restante, desde las 12 hasta las 14 hs.<\/p>\n\n\n\n<p class=\"wp-block-paragraph\">\u201cEn ambos casos, hubo mucha gente. J\u00f3venes, adultos, adultas e inclusive personas de la tercera edad que nunca bailaron antes o con los conocimientos t\u00e9cnicos m\u00ednimos\u201d, describi\u00f3 la instructora.<\/p>\n\n\n\n<p class=\"wp-block-paragraph\">\u201cAlguna noci\u00f3n ten\u00eda. Sin embargo, me propuse aprender definitivamente en este taller e incorporar una actividad en el verano\u201d, revel\u00f3 Pedro que viaj\u00f3 rumbo a la Casa de la Cultura, situada en la zona c\u00e9ntrica del partido.<\/p>\n\n\n\n<p class=\"wp-block-paragraph\">Oriunda del barrio Altamira, Susana detall\u00f3: \u201cFue mi debut, la primera vez que me anot\u00e9 para tomar clases en este lugar. Quer\u00eda guiarme con profesionales, especialistas en esta danza\u201d.<\/p>\n","protected":false},"excerpt":{"rendered":"<p>La cursada<\/p>\n","protected":false},"author":1,"featured_media":39574,"comment_status":"closed","ping_status":"closed","sticky":false,"template":"","format":"standard","meta":{"footnotes":""},"categories":[3],"tags":[30],"class_list":["post-48443","post","type-post","status-publish","format-standard","has-post-thumbnail","hentry","category-regionales","tag-varela"],"_links":{"self":[{"href":"https:\/\/panoramadelsur.com.ar\/index.php?rest_route=\/wp\/v2\/posts\/48443","targetHints":{"allow":["GET"]}}],"collection":[{"href":"https:\/\/panoramadelsur.com.ar\/index.php?rest_route=\/wp\/v2\/posts"}],"about":[{"href":"https:\/\/panoramadelsur.com.ar\/index.php?rest_route=\/wp\/v2\/types\/post"}],"author":[{"embeddable":true,"href":"https:\/\/panoramadelsur.com.ar\/index.php?rest_route=\/wp\/v2\/users\/1"}],"replies":[{"embeddable":true,"href":"https:\/\/panoramadelsur.com.ar\/index.php?rest_route=%2Fwp%2Fv2%2Fcomments&post=48443"}],"version-history":[{"count":1,"href":"https:\/\/panoramadelsur.com.ar\/index.php?rest_route=\/wp\/v2\/posts\/48443\/revisions"}],"predecessor-version":[{"id":48445,"href":"https:\/\/panoramadelsur.com.ar\/index.php?rest_route=\/wp\/v2\/posts\/48443\/revisions\/48445"}],"wp:featuredmedia":[{"embeddable":true,"href":"https:\/\/panoramadelsur.com.ar\/index.php?rest_route=\/wp\/v2\/media\/39574"}],"wp:attachment":[{"href":"https:\/\/panoramadelsur.com.ar\/index.php?rest_route=%2Fwp%2Fv2%2Fmedia&parent=48443"}],"wp:term":[{"taxonomy":"category","embeddable":true,"href":"https:\/\/panoramadelsur.com.ar\/index.php?rest_route=%2Fwp%2Fv2%2Fcategories&post=48443"},{"taxonomy":"post_tag","embeddable":true,"href":"https:\/\/panoramadelsur.com.ar\/index.php?rest_route=%2Fwp%2Fv2%2Ftags&post=48443"}],"curies":[{"name":"wp","href":"https:\/\/api.w.org\/{rel}","templated":true}]}}