{"id":48458,"date":"2024-01-03T01:06:00","date_gmt":"2024-01-03T04:06:00","guid":{"rendered":"https:\/\/panoramadelsur.com.ar\/?p=48458"},"modified":"2024-01-03T01:25:39","modified_gmt":"2024-01-03T04:25:39","slug":"la-comunidad-educativa-se-une-para-cuidar-y-embellecer-las-escuelas","status":"publish","type":"post","link":"https:\/\/panoramadelsur.com.ar\/?p=48458","title":{"rendered":"LA COMUNIDAD EDUCATIVA SE UNE PARA CUIDAR Y EMBELLECER LAS ESCUELAS"},"content":{"rendered":"\n<p class=\"wp-block-paragraph\">A lo largo de este 2023 se realizaron un total de 19 jornadas de trabajo que abarcaron a 30 establecimientos educativos de Berazategui. Esta iniciativa es impulsada por la Municipalidad -conducida por Juan Jos\u00e9 Mussi- y el Frente de Educadores de Berazategui, con el objetivo de fortalecer el v\u00ednculo de la comunidad con la educaci\u00f3n p\u00fablica.<\/p>\n\n\n\n<p class=\"wp-block-paragraph\">Entre las acciones que se llevan a cabo en las instituciones escolares p\u00fablicas de la ciudad, se encuentran tareas de pintura, limpieza, refacciones, reforestaci\u00f3n y embellecimiento general de los edificios.<\/p>\n\n\n\n<p class=\"wp-block-paragraph\">En este sentido, el presidente del Consejo Escolar, Fernando Cardozo, inform\u00f3: \u201cLas jornadas de trabajo son una de las formas en las que fortalecemos la defensa de la educaci\u00f3n p\u00fablica en nuestra ciudad. La comunidad educativa en su conjunto participa activamente y dedica su tiempo para embellecer las escuelas\u201d.<\/p>\n\n\n\n<p class=\"wp-block-paragraph\">\u201cAdem\u00e1s, el intendente Juan Jos\u00e9 Mussi siempre nos acompa\u00f1a; esto le permite conocer en tiempo real el estado de los establecimientos del distrito, al estar en contacto permanente con los directivos y profesores\u201d, finaliz\u00f3 Cardozo.<\/p>\n\n\n\n<p class=\"wp-block-paragraph\">Algunos de los establecimientos educativos en los que se llevaron a cabo estas jornadas durante 2023 fueron: los Jardines de Infantes N\u00b0 907, 917, 923, 921, 903, 914, 942, 908, 902 y 922; las Primarias N\u00b0 1, 36, 47, 16, 43, 49, 5, 9 y 28; las Secundarias N\u00b0 27, 37, 54 y 33; las Escuelas de Educaci\u00f3n Secundaria T\u00e9cnica N\u00b0 1 y 2; y la Escuela de Educaci\u00f3n Especial N\u00b0 503.<\/p>\n","protected":false},"excerpt":{"rendered":"<p>A lo<\/p>\n","protected":false},"author":1,"featured_media":39574,"comment_status":"closed","ping_status":"closed","sticky":false,"template":"","format":"standard","meta":{"footnotes":""},"categories":[3],"tags":[40],"class_list":["post-48458","post","type-post","status-publish","format-standard","has-post-thumbnail","hentry","category-regionales","tag-berazategui"],"_links":{"self":[{"href":"https:\/\/panoramadelsur.com.ar\/index.php?rest_route=\/wp\/v2\/posts\/48458","targetHints":{"allow":["GET"]}}],"collection":[{"href":"https:\/\/panoramadelsur.com.ar\/index.php?rest_route=\/wp\/v2\/posts"}],"about":[{"href":"https:\/\/panoramadelsur.com.ar\/index.php?rest_route=\/wp\/v2\/types\/post"}],"author":[{"embeddable":true,"href":"https:\/\/panoramadelsur.com.ar\/index.php?rest_route=\/wp\/v2\/users\/1"}],"replies":[{"embeddable":true,"href":"https:\/\/panoramadelsur.com.ar\/index.php?rest_route=%2Fwp%2Fv2%2Fcomments&post=48458"}],"version-history":[{"count":1,"href":"https:\/\/panoramadelsur.com.ar\/index.php?rest_route=\/wp\/v2\/posts\/48458\/revisions"}],"predecessor-version":[{"id":48460,"href":"https:\/\/panoramadelsur.com.ar\/index.php?rest_route=\/wp\/v2\/posts\/48458\/revisions\/48460"}],"wp:featuredmedia":[{"embeddable":true,"href":"https:\/\/panoramadelsur.com.ar\/index.php?rest_route=\/wp\/v2\/media\/39574"}],"wp:attachment":[{"href":"https:\/\/panoramadelsur.com.ar\/index.php?rest_route=%2Fwp%2Fv2%2Fmedia&parent=48458"}],"wp:term":[{"taxonomy":"category","embeddable":true,"href":"https:\/\/panoramadelsur.com.ar\/index.php?rest_route=%2Fwp%2Fv2%2Fcategories&post=48458"},{"taxonomy":"post_tag","embeddable":true,"href":"https:\/\/panoramadelsur.com.ar\/index.php?rest_route=%2Fwp%2Fv2%2Ftags&post=48458"}],"curies":[{"name":"wp","href":"https:\/\/api.w.org\/{rel}","templated":true}]}}