{"id":48503,"date":"2024-01-04T01:05:00","date_gmt":"2024-01-04T04:05:00","guid":{"rendered":"https:\/\/panoramadelsur.com.ar\/?p=48503"},"modified":"2024-01-03T13:18:04","modified_gmt":"2024-01-03T16:18:04","slug":"horarios-de-atencion-del-economato-y-de-la-curia-diocesana-en-enero-2024-2","status":"publish","type":"post","link":"https:\/\/panoramadelsur.com.ar\/?p=48503","title":{"rendered":"HORARIOS DE ATENCI\u00d3N DEL ECONOMATO Y DE LA CURIA DIOCESANA EN ENERO 2024"},"content":{"rendered":"\n<p class=\"wp-block-paragraph\">Durante enero 2024 las oficinas de la Curia Diocesana, con excepci\u00f3n del Economato Diocesano, permanecer\u00e1n cerradas y abrir\u00e1n nuevamente el 01 de febrero de 2024, en su horario habitual (de lunes a viernes de 08.30 a 13.00).<\/p>\n\n\n\n<p class=\"wp-block-paragraph\">Por cualquier urgencia comunicarse a trav\u00e9s del Whatsapp 11 3209-0327<\/p>\n\n\n\n<p class=\"wp-block-paragraph\">Sin embargo, en enero 2024 el Economato Diocesano atender\u00e1 \u00fanicamente los martes y viernes de 09.00 a 13.00 con turno previo.<br>Para solicitar turno comunicarse de lunes a viernes de 09.00 a 13.00:<\/p>\n\n\n\n<ul class=\"wp-block-list\">\n<li>hasta el 16 de enero, con Paula al 11 6719-1260, y<\/li>\n\n\n\n<li>del 17 al 31 de enero, con Mariana al 11 6816-6980<\/li>\n<\/ul>\n\n\n\n<p class=\"wp-block-paragraph\">A partir del 01 de febrero, el Economato Diocesano retoma su horario de atenci\u00f3n habitual de lunes a viernes de 09.00 a 12.30 hs.<\/p>\n","protected":false},"excerpt":{"rendered":"<p>Durante enero<\/p>\n","protected":false},"author":1,"featured_media":39574,"comment_status":"closed","ping_status":"closed","sticky":false,"template":"","format":"standard","meta":{"footnotes":""},"categories":[2],"tags":[60,17],"class_list":["post-48503","post","type-post","status-publish","format-standard","has-post-thumbnail","hentry","category-quilmes","tag-diocesis","tag-quilmes"],"_links":{"self":[{"href":"https:\/\/panoramadelsur.com.ar\/index.php?rest_route=\/wp\/v2\/posts\/48503","targetHints":{"allow":["GET"]}}],"collection":[{"href":"https:\/\/panoramadelsur.com.ar\/index.php?rest_route=\/wp\/v2\/posts"}],"about":[{"href":"https:\/\/panoramadelsur.com.ar\/index.php?rest_route=\/wp\/v2\/types\/post"}],"author":[{"embeddable":true,"href":"https:\/\/panoramadelsur.com.ar\/index.php?rest_route=\/wp\/v2\/users\/1"}],"replies":[{"embeddable":true,"href":"https:\/\/panoramadelsur.com.ar\/index.php?rest_route=%2Fwp%2Fv2%2Fcomments&post=48503"}],"version-history":[{"count":1,"href":"https:\/\/panoramadelsur.com.ar\/index.php?rest_route=\/wp\/v2\/posts\/48503\/revisions"}],"predecessor-version":[{"id":48504,"href":"https:\/\/panoramadelsur.com.ar\/index.php?rest_route=\/wp\/v2\/posts\/48503\/revisions\/48504"}],"wp:featuredmedia":[{"embeddable":true,"href":"https:\/\/panoramadelsur.com.ar\/index.php?rest_route=\/wp\/v2\/media\/39574"}],"wp:attachment":[{"href":"https:\/\/panoramadelsur.com.ar\/index.php?rest_route=%2Fwp%2Fv2%2Fmedia&parent=48503"}],"wp:term":[{"taxonomy":"category","embeddable":true,"href":"https:\/\/panoramadelsur.com.ar\/index.php?rest_route=%2Fwp%2Fv2%2Fcategories&post=48503"},{"taxonomy":"post_tag","embeddable":true,"href":"https:\/\/panoramadelsur.com.ar\/index.php?rest_route=%2Fwp%2Fv2%2Ftags&post=48503"}],"curies":[{"name":"wp","href":"https:\/\/api.w.org\/{rel}","templated":true}]}}