{"id":48591,"date":"2024-01-05T01:03:00","date_gmt":"2024-01-05T04:03:00","guid":{"rendered":"https:\/\/panoramadelsur.com.ar\/?p=48591"},"modified":"2024-01-05T13:18:29","modified_gmt":"2024-01-05T16:18:29","slug":"bernal-a-plena-luz-del-dia-le-apuntaron-en-la-cabeza-con-un-arma-para-robarle-una-mochila","status":"publish","type":"post","link":"https:\/\/panoramadelsur.com.ar\/?p=48591","title":{"rendered":"BERNAL: A PLENA LUZ DEL D\u00cdA, LE APUNTARON EN LA CABEZA CON UN ARMA PARA ROBARLE UNA MOCHILA"},"content":{"rendered":"\n<p class=\"wp-block-paragraph\">Momentos de terror se vivieron ayer jueves en una\u00a0cafeter\u00eda de Bernal, partido de Quilmes, cuando un ladr\u00f3n\u00a0a\u00a0punta de pistola y en solo diez segundos, le rob\u00f3 la mochila a un hombre\u00a0que estaba desayunando en un reconocido local.<\/p>\n\n\n\n<p class=\"wp-block-paragraph\">El hecho qued\u00f3 registrado en las c\u00e1maras de seguridad.\u00a0La v\u00edctima, un hombre de 39 a\u00f1os, estaba tomando un caf\u00e9\u00a0con un amigo en el local de Havanna cuando\u00a0el delincuente baj\u00f3 de un veh\u00edculo, con una pistola en la mano, y encar\u00f3 directamente a uno de ellos para robarle la mochila.<\/p>\n\n\n\n<p class=\"wp-block-paragraph\">Las c\u00e1maras de seguridad tambi\u00e9n captaron\u00a0el audio del momento en donde se escucha que, casualmente, los dos hombres estaban charlando sobre la inseguridad\u00a0cuando el ladr\u00f3n los abord\u00f3.<\/p>\n\n\n\n<p class=\"wp-block-paragraph\">Poco tiempo despu\u00e9s, la otra persona que estaba en la mesa, comparti\u00f3 un posteo en sus redes sociales: \u201cHola, antes que nada estamos bien. Esto nos pas\u00f3 hoy 11:38 am en pleno centro de Bernal\u00bb.<\/p>\n\n\n\n<p class=\"wp-block-paragraph\">\u00abEstamos buscando a este personaje porque necesitamos recuperar los documentos de BP. Si saben algo o nos pueden ayudar, agradecemos que nos escriban. Por nosotros no se preocupen, estamos bien y fueron solo dos segundos. Justo le hab\u00eda dicho a BP que la inseguridad estaba m\u00e1s tranquila\u2026\u201d, poste\u00f3.<\/p>\n","protected":false},"excerpt":{"rendered":"<p>Momentos de<\/p>\n","protected":false},"author":1,"featured_media":39574,"comment_status":"closed","ping_status":"closed","sticky":false,"template":"","format":"standard","meta":{"footnotes":""},"categories":[1,2],"tags":[],"class_list":["post-48591","post","type-post","status-publish","format-standard","has-post-thumbnail","hentry","category-destacados","category-quilmes"],"_links":{"self":[{"href":"https:\/\/panoramadelsur.com.ar\/index.php?rest_route=\/wp\/v2\/posts\/48591","targetHints":{"allow":["GET"]}}],"collection":[{"href":"https:\/\/panoramadelsur.com.ar\/index.php?rest_route=\/wp\/v2\/posts"}],"about":[{"href":"https:\/\/panoramadelsur.com.ar\/index.php?rest_route=\/wp\/v2\/types\/post"}],"author":[{"embeddable":true,"href":"https:\/\/panoramadelsur.com.ar\/index.php?rest_route=\/wp\/v2\/users\/1"}],"replies":[{"embeddable":true,"href":"https:\/\/panoramadelsur.com.ar\/index.php?rest_route=%2Fwp%2Fv2%2Fcomments&post=48591"}],"version-history":[{"count":1,"href":"https:\/\/panoramadelsur.com.ar\/index.php?rest_route=\/wp\/v2\/posts\/48591\/revisions"}],"predecessor-version":[{"id":48593,"href":"https:\/\/panoramadelsur.com.ar\/index.php?rest_route=\/wp\/v2\/posts\/48591\/revisions\/48593"}],"wp:featuredmedia":[{"embeddable":true,"href":"https:\/\/panoramadelsur.com.ar\/index.php?rest_route=\/wp\/v2\/media\/39574"}],"wp:attachment":[{"href":"https:\/\/panoramadelsur.com.ar\/index.php?rest_route=%2Fwp%2Fv2%2Fmedia&parent=48591"}],"wp:term":[{"taxonomy":"category","embeddable":true,"href":"https:\/\/panoramadelsur.com.ar\/index.php?rest_route=%2Fwp%2Fv2%2Fcategories&post=48591"},{"taxonomy":"post_tag","embeddable":true,"href":"https:\/\/panoramadelsur.com.ar\/index.php?rest_route=%2Fwp%2Fv2%2Ftags&post=48591"}],"curies":[{"name":"wp","href":"https:\/\/api.w.org\/{rel}","templated":true}]}}