{"id":488,"date":"2021-02-10T01:03:00","date_gmt":"2021-02-10T01:03:00","guid":{"rendered":"http:\/\/panoramadelsur.com.ar\/?p=488"},"modified":"2021-02-13T15:25:06","modified_gmt":"2021-02-13T15:25:06","slug":"mayra-mendoza-juan-cuattromo-y-juliana-di-tullio-habilitaron-cajeros-automaticos-del-banco-provincia","status":"publish","type":"post","link":"https:\/\/panoramadelsur.com.ar\/?p=488","title":{"rendered":"Mayra Mendoza, Juan Cuattromo y Juliana Di Tullio habilitaron cajeros autom\u00e1ticos del Banco Provincia"},"content":{"rendered":"\n<p class=\"wp-block-paragraph\">La intendenta de Quilmes, Mayra Mendoza, el presidente del Banco Provincia, Juan Cuattromo y la directora del Banco Provincia, Juliana Di Tullio, habilitaron una nueva cabina de cajeros autom\u00e1ticos de la entidad bancaria, en Camino General Belgrano y Montevideo.<\/p>\n\n\n\n<p class=\"wp-block-paragraph\">\u201cEstamos en un lugar muy querido para nosotros que es el barrio Iapi, y sabiendo las necesidades y la ausencia del Estado, hoy estamos presentes con el cruce seguro de esta esquina, al lado de la escuela, del ingreso al UPA, y con algo que los vecinos nos pidieron much\u00edsimo que es la posibilidad de tener un cajero en el barrio para no tener que hacer grandes distancias, hasta Quilmes oeste, Quilmes centro o Avellaneda, para tener el dinero que necesitan\u201d, sostuvo la Jefa Comunal.<\/p>\n\n\n\n<p class=\"wp-block-paragraph\">Mendoza, Cuattromo, Di Tullio, el jefe de Gabinete de Quilmes, Alejandro Gandulfo y la secretaria de Desarrollo Urbano y Obra P\u00fablica, Cecilia Soler, recorrieron la nueva unidad modular que cuenta con dos cajeros autom\u00e1ticos con acceso para personas con discapacidad y est\u00e1n operativos las 24 horas.<\/p>\n\n\n\n<p class=\"wp-block-paragraph\">Por su parte, Juan Cuattromo afirm\u00f3: \u201cPara nosotros es motivo de mucho orgullo y satisfacci\u00f3n poder traer soluciones para los vecinos y las vecinas de Quilmes, y que el banco p\u00fablico cumpla su rol como tal\u201d, a la vez que resalt\u00f3 \u201cla decisi\u00f3n pol\u00edtica del gobernador Axel Kicillof que siempre nos impulsa a poner todas las herramientas que tiene a disposici\u00f3n el Estado provincial para traer soluciones a todos los bonaerenses\u201d.<\/p>\n\n\n\n<p class=\"wp-block-paragraph\">Por \u00faltimo, el funcionario coment\u00f3 que previamente mantuvo un encuentro en el palacio comunal de Alberdi 500: \u201cCon la compa\u00f1era intendenta Mayra hoy tuvimos una reuni\u00f3n de trabajo y estuvimos pensando en c\u00f3mo podemos seguir trabajando juntos, ella tiene muy en claro las necesidades de todos los vecinos y las vecinas&nbsp; de Quilmes, y creemos que realmente, con la presencia del Estado, podemos dar cuenta de lo que tenemos que hacer\u201d, dijo Cuattromo.<\/p>\n\n\n\n<p class=\"wp-block-paragraph\">Di Tullio tambi\u00e9n se\u00f1al\u00f3 que \u201cel Banco quiere estar cerca de la gente y eso es estar cerca de los y las intendentas. Mayra es una amiga y compa\u00f1era a la que queremos mucho y siempre tomamos contacto de su trabajo diario\u201d.<\/p>\n\n\n\n<p class=\"wp-block-paragraph\">En este sentido, la Intendenta&nbsp; agradeci\u00f3 la predisposici\u00f3n de las autoridades del Banco Provincia y explic\u00f3 que la disponibilidad de los cajeros es parte del desarrollo de la obra del cruce seguro que se lleva adelante en el lugar.<\/p>\n\n\n\n<p class=\"wp-block-paragraph\"><strong>Cruce seguro de Camino y Montevideo<\/strong><\/p>\n\n\n\n<p class=\"wp-block-paragraph\">La obra del cruce seguro de Camino General Belgrano y Montevideo y alrededores, forma parte de los compromisos de gesti\u00f3n de la intendenta Mayra Mendoza y era un reclamo hist\u00f3rico del barrio.<\/p>\n\n\n\n<p class=\"wp-block-paragraph\">La ejecuci\u00f3n incluye trabajos de adecuaci\u00f3n y puesta en valor para una circulaci\u00f3n peatonal y vehicular m\u00e1s segura, con nuevos pavimentos, trabajos de bacheo, incorporaci\u00f3n de reductores, rampas, d\u00e1rsenas, senderos, sem\u00e1foros, c\u00e1maras, iluminaci\u00f3n,&nbsp; parquizaci\u00f3n y&nbsp; equipamiento urbano.<\/p>\n\n\n\n<p class=\"wp-block-paragraph\"><strong>Nuevos cajeros m\u00f3viles<\/strong><\/p>\n\n\n\n<p class=\"wp-block-paragraph\">La cabina del Banco Provincia&nbsp; emplazada en Camino General Belgrano y Montevideo, se suma a los cajeros autom\u00e1ticos articulados por la intendenta Mayra Mendoza el a\u00f1o pasado, en Camino General Belgrano y 812.<\/p>\n\n\n\n<p class=\"wp-block-paragraph\">El Municipio coordin\u00f3 con el Banco Provincia la colocaci\u00f3n de cabinas para ofrecer cobertura de servicios bancarios a las vecinas y vecinos de Bernal y a todas las personas que transiten o frecuenten este corredor, para evitar que tengan que trasladarse hasta el centro de Quilmes para operar con un cajero.<\/p>\n","protected":false},"excerpt":{"rendered":"<p>La intendenta<\/p>\n","protected":false},"author":1,"featured_media":39574,"comment_status":"open","ping_status":"open","sticky":false,"template":"","format":"standard","meta":{"footnotes":""},"categories":[2],"tags":[],"class_list":["post-488","post","type-post","status-publish","format-standard","has-post-thumbnail","hentry","category-quilmes"],"_links":{"self":[{"href":"https:\/\/panoramadelsur.com.ar\/index.php?rest_route=\/wp\/v2\/posts\/488","targetHints":{"allow":["GET"]}}],"collection":[{"href":"https:\/\/panoramadelsur.com.ar\/index.php?rest_route=\/wp\/v2\/posts"}],"about":[{"href":"https:\/\/panoramadelsur.com.ar\/index.php?rest_route=\/wp\/v2\/types\/post"}],"author":[{"embeddable":true,"href":"https:\/\/panoramadelsur.com.ar\/index.php?rest_route=\/wp\/v2\/users\/1"}],"replies":[{"embeddable":true,"href":"https:\/\/panoramadelsur.com.ar\/index.php?rest_route=%2Fwp%2Fv2%2Fcomments&post=488"}],"version-history":[{"count":1,"href":"https:\/\/panoramadelsur.com.ar\/index.php?rest_route=\/wp\/v2\/posts\/488\/revisions"}],"predecessor-version":[{"id":490,"href":"https:\/\/panoramadelsur.com.ar\/index.php?rest_route=\/wp\/v2\/posts\/488\/revisions\/490"}],"wp:featuredmedia":[{"embeddable":true,"href":"https:\/\/panoramadelsur.com.ar\/index.php?rest_route=\/wp\/v2\/media\/39574"}],"wp:attachment":[{"href":"https:\/\/panoramadelsur.com.ar\/index.php?rest_route=%2Fwp%2Fv2%2Fmedia&parent=488"}],"wp:term":[{"taxonomy":"category","embeddable":true,"href":"https:\/\/panoramadelsur.com.ar\/index.php?rest_route=%2Fwp%2Fv2%2Fcategories&post=488"},{"taxonomy":"post_tag","embeddable":true,"href":"https:\/\/panoramadelsur.com.ar\/index.php?rest_route=%2Fwp%2Fv2%2Ftags&post=488"}],"curies":[{"name":"wp","href":"https:\/\/api.w.org\/{rel}","templated":true}]}}