{"id":49103,"date":"2024-02-12T01:05:00","date_gmt":"2024-02-12T04:05:00","guid":{"rendered":"https:\/\/panoramadelsur.com.ar\/?p=49103"},"modified":"2024-01-24T11:54:56","modified_gmt":"2024-01-24T14:54:56","slug":"inicio-de-ministerios-pastorales-en-la-diocesis-de-quilmes","status":"publish","type":"post","link":"https:\/\/panoramadelsur.com.ar\/?p=49103","title":{"rendered":"INICIO DE MINISTERIOS PASTORALES EN LA DI\u00d3CESIS DE QUILMES"},"content":{"rendered":"\n<p class=\"wp-block-paragraph\">El&nbsp;domingo 3 de marzo&nbsp;asumir\u00e1 su misi\u00f3n pastoral el&nbsp;Padre Nelson Barrios&nbsp;como p\u00e1rroco de&nbsp;Nuestra Se\u00f1ora de Itat\u00ed&nbsp;(Decanato Florencio Varela) a las 10.00 de la ma\u00f1ana en la sede parroquial (Padre Jorge Eduardo Go\u00f1i y Virgen de Itat\u00ed, Barrio La Colorada, Florencio Varela). Sin embargo, el Padre&nbsp;<strong>Luis Pereyra<\/strong>&nbsp;no iniciar\u00e1 ese d\u00eda su servicio como Capell\u00e1n de la&nbsp;Carpa Misionera, sino que lo har\u00e1 en otro momento, en una celebraci\u00f3n espec\u00edfica.<br>Cabe recordar que las semanas en las que no haya misi\u00f3n con la carpa, el Padre Luis vivir\u00e1 en la casa parroquial de Nuestra Se\u00f1ora de Itat\u00ed y colaborar\u00e1 con el Padre Nelson en la atenci\u00f3n de la parroquia.<\/p>\n\n\n\n<p class=\"wp-block-paragraph\">El resto de los inicios pastorales que se dar\u00e1 en enero y febrero con la presencia del Padre Obispo Carlos Tissera:<\/p>\n\n\n\n<p class=\"wp-block-paragraph\">El&nbsp;s\u00e1bado 17 de febrero a las 10.00 h&nbsp;el Padre&nbsp;Alfredo Ariel Aguilera&nbsp;iniciar\u00e1 su servicio como Administrador Parroquial de&nbsp;Santa Rosa de Lima&nbsp;(Decanato Quilmes Oeste I) en el templo parroquial (Guti\u00e9rrez esquina Palma de Mallorca, Quilmes Oeste).<\/p>\n\n\n\n<p class=\"wp-block-paragraph\">Ese mismo&nbsp;s\u00e1bado 17, a las 19.00 h, el Padre&nbsp;Marcelo Ciaramella&nbsp;comenzar\u00e1 su misi\u00f3n como P\u00e1rroco de&nbsp;Virgen de la Divina Providencia&nbsp;(Decanato Florencio Varela) en la sede de la parroquia (El Callao N\u00ba 1692, Barrio Mart\u00edn Fierro, Florencio Varela).<\/p>\n\n\n\n<p class=\"wp-block-paragraph\">El&nbsp;domingo 18 de febrero a las 10.00 h&nbsp;el Padre&nbsp;Guillermo L\u00f3pez&nbsp;iniciar\u00e1 su tarea pastoral como administrador parroquial de&nbsp;San Cayetano&nbsp;(Decanato Quilmes Oeste II). Ese mismo d\u00eda tambi\u00e9n iniciar\u00e1 su servicio el Di\u00e1cono Permanente&nbsp;Fabi\u00e1n Montellano. La misa ser\u00e1 en el templo (Mosconi 21, Quilmes Oeste)<\/p>\n\n\n\n<p class=\"wp-block-paragraph\">El&nbsp;domingo 25 de febrero a las 10.00 h&nbsp;el Padre&nbsp;Carlos (Pompeo) Guerrera&nbsp;iniciar\u00e1 su servicio como p\u00e1rroco de&nbsp;Nuestra Se\u00f1ora de la Paz&nbsp;(Decanato Florencio Varela). La celebraci\u00f3n eucar\u00edstica ser\u00e1 en en templo (Av. Hudson 1750, Barrio Antena, Florencio Varela)<\/p>\n\n\n\n<p class=\"wp-block-paragraph\">El&nbsp;s\u00e1bado 2 de marzo a las 19.00 h&nbsp;el Padre Obispo Tissera pondr\u00e1 en funciones al nuevo equipo pastoral que animar\u00e1 la vida de la Comunidad parroquial de&nbsp;San Mart\u00edn de Porres&nbsp;(Decanato Florencio Varela) integrado por los di\u00e1conos permanentes&nbsp;Jorge Tevez&nbsp;(moderador),&nbsp;Alberto Cabrera&nbsp;y&nbsp;Miguel Antonio Bravo, y la direcci\u00f3n pastoral del Padre&nbsp;Lucio Carvalho Rodrigues. La misa ser\u00e1 en la Capilla San Pedro Ap\u00f3stol (Ju\u00e1rez Celman y Finochieto, Florencio Varela).<\/p>\n","protected":false},"excerpt":{"rendered":"<p>El&nbsp;domingo 3<\/p>\n","protected":false},"author":1,"featured_media":39574,"comment_status":"closed","ping_status":"closed","sticky":false,"template":"","format":"standard","meta":{"footnotes":""},"categories":[2],"tags":[35,17],"class_list":["post-49103","post","type-post","status-publish","format-standard","has-post-thumbnail","hentry","category-quilmes","tag-municipio-de-quilmes","tag-quilmes"],"_links":{"self":[{"href":"https:\/\/panoramadelsur.com.ar\/index.php?rest_route=\/wp\/v2\/posts\/49103","targetHints":{"allow":["GET"]}}],"collection":[{"href":"https:\/\/panoramadelsur.com.ar\/index.php?rest_route=\/wp\/v2\/posts"}],"about":[{"href":"https:\/\/panoramadelsur.com.ar\/index.php?rest_route=\/wp\/v2\/types\/post"}],"author":[{"embeddable":true,"href":"https:\/\/panoramadelsur.com.ar\/index.php?rest_route=\/wp\/v2\/users\/1"}],"replies":[{"embeddable":true,"href":"https:\/\/panoramadelsur.com.ar\/index.php?rest_route=%2Fwp%2Fv2%2Fcomments&post=49103"}],"version-history":[{"count":1,"href":"https:\/\/panoramadelsur.com.ar\/index.php?rest_route=\/wp\/v2\/posts\/49103\/revisions"}],"predecessor-version":[{"id":49105,"href":"https:\/\/panoramadelsur.com.ar\/index.php?rest_route=\/wp\/v2\/posts\/49103\/revisions\/49105"}],"wp:featuredmedia":[{"embeddable":true,"href":"https:\/\/panoramadelsur.com.ar\/index.php?rest_route=\/wp\/v2\/media\/39574"}],"wp:attachment":[{"href":"https:\/\/panoramadelsur.com.ar\/index.php?rest_route=%2Fwp%2Fv2%2Fmedia&parent=49103"}],"wp:term":[{"taxonomy":"category","embeddable":true,"href":"https:\/\/panoramadelsur.com.ar\/index.php?rest_route=%2Fwp%2Fv2%2Fcategories&post=49103"},{"taxonomy":"post_tag","embeddable":true,"href":"https:\/\/panoramadelsur.com.ar\/index.php?rest_route=%2Fwp%2Fv2%2Ftags&post=49103"}],"curies":[{"name":"wp","href":"https:\/\/api.w.org\/{rel}","templated":true}]}}